{"id":19816,"date":"2020-01-10T13:15:34","date_gmt":"2020-01-10T16:15:34","guid":{"rendered":"https:\/\/www.radioamigavallenar.cl\/?p=19816"},"modified":"2020-01-10T13:15:35","modified_gmt":"2020-01-10T16:15:35","slug":"diputado-jaime-mulet-interpelo-a-ministro-de-hacienda-con-fuerte-enfasis-en-demandas-sociales-incumplidas","status":"publish","type":"post","link":"https:\/\/www.radioamigavallenar.cl\/?p=19816","title":{"rendered":"Diputado Jaime Mulet interpel\u00f3 a Ministro de Hacienda con fuerte \u00e9nfasis en demandas sociales incumplidas"},"content":{"rendered":"\n<figure class=\"wp-block-image size-large\"><img loading=\"lazy\" decoding=\"async\" width=\"799\" height=\"533\" src=\"https:\/\/www.radioamigavallenar.cl\/wp-content\/uploads\/2020\/01\/interpelaci\u00f3n-1.jpg\" alt=\"\" class=\"wp-image-19817\" srcset=\"https:\/\/www.radioamigavallenar.cl\/wp-content\/uploads\/2020\/01\/interpelaci\u00f3n-1.jpg 799w, https:\/\/www.radioamigavallenar.cl\/wp-content\/uploads\/2020\/01\/interpelaci\u00f3n-1-300x200.jpg 300w, https:\/\/www.radioamigavallenar.cl\/wp-content\/uploads\/2020\/01\/interpelaci\u00f3n-1-768x512.jpg 768w\" sizes=\"auto, (max-width: 799px) 100vw, 799px\" \/><figcaption>Valpara\u00edso 09 de Enero 2020.\\r\\r Sesi\u00f3n especial de Interpelaci\u00f3n al Ministro de Hacienda, Ignacio Briones.\\r\\r\\rFotos: Johanna Z\u00e1rate P.<\/figcaption><\/figure>\n\n\n\n<p>Este jueves se cumpli\u00f3 el itinerario de interpelaciones parlamentarias a ministros de Estado. Anteriormente hab\u00eda sido el turno de la Ministra del Trabajo y Previsi\u00f3n Social, Mar\u00eda Jos\u00e9 Zald\u00edvar; y posteriormente el Ministro de Salud, Jaime Ma\u00f1alich. En esta ocasi\u00f3n fue el Ministro de Econom\u00eda, Ignacio Briones, que durante casi dos horas debi\u00f3 responder las preguntas del diputado interpelador, el regionalista Jaime Mulet, quien desarroll\u00f3 un consistente cuestionario basado, en su gran mayor\u00eda, en demandas surgidas desde la ciudadan\u00eda a partir del 18 de octubre, y a las que el Gobierno no ha dado respuesta.<\/p>\n\n\n\n<p>Durante las m\u00e1s de dos horas que dur\u00f3 la sesi\u00f3n el diputado interpelador se esforz\u00f3 por obtener respuestas claras del ministro, en especial sobre temas altamente sensibles, como por ejemplo si estaba dispuesto o no a terminar con el injusto sistema de las AFP, en donde Briones, luego de evadir con tecnicismos una respuesta clara, se manifest\u00f3 satisfecho del actual sistema previsional chileno. Tampoco se mostr\u00f3 partidario de igualar este sistema con el que tienen los ex funcionarios de las FFAA, quienes en promedio jubilan con una pensi\u00f3n entre 3 y 4 veces superior a lo que lo hace un ciudadano normal.<\/p>\n\n\n\n<p>Asimismo, el ministro se mostr\u00f3 contrario a la propuesta de la coalici\u00f3n Unidad Para el Cambio en el sentido de contar con un sueldo m\u00ednimo de 500 mil pesos, aduciendo que aquello acarrear\u00eda mayor desempleo. En temas incluso concernientes a definiciones macroecon\u00f3micas, el jefe de la cartera de Hacienda&nbsp; se\u00f1al\u00f3 no coincidir con que Chile tuviese una econom\u00eda de tipo extractivista, basada en la exportaci\u00f3n de materias primas, se\u00f1alando que \u00e9l conoc\u00eda varios ejemplos en que s\u00ed se incorporaba valor agregado al producto, no aclarando bien de cuales productos se trataba.<\/p>\n\n\n\n<p>Un momento de gran expectaci\u00f3n se suscit\u00f3 cuando el diputado Mulet mostr\u00f3 una grabaci\u00f3n del entonces candidato Sebasti\u00e1n Pi\u00f1era, previa a su primer gobierno, y en la cual se compromet\u00eda a crear un Fondo de Desarrollo del Norte, promesa hasta hoy incumplida, y que el ministro prefiri\u00f3 no sentirse aludido se\u00f1alando algo molesto que \u201cme interesa concentrarme en el futuro y no en el pasado\u201d<\/p>\n\n\n\n<p>Pese a la tensi\u00f3n que por momento se percibi\u00f3 en este di\u00e1logo, consultado el ministro por el no env\u00edo por parte del Gobierno del proyecto de Rentas Regionales, por el cual ha batallado mucho el diputado Mulet y que cobra especial importancia este a\u00f1o en que se elegir\u00e1n los primeros Gobernadores Regionales, \u00e9ste se disculp\u00f3 por la tardanza del env\u00edo al Congreso de esta iniciativa de ley, debido principalmente al estallido social, pero comprometi\u00e9ndose a que se har\u00e1 durante el mes de marzo.<\/p>\n\n\n\n<p>\u201cYo comprendo que el ministro pida realismo cuando se piden cambios, pero lo que yo he planteado aqu\u00ed es que deben haber transformaciones profundas y r\u00e1pidas, por ejemplo en temas de pensiones, rentas regionales, en salud, en vivienda, etc. Este pa\u00eds es tremendamente injusto y desequilibrado con una concentraci\u00f3n del ingreso brutal. Desgraciadamente no tuvimos todas las respuestas que nos hubieran gustado de parte del ministro, pues a nosotros nos interesa avanzar m\u00e1s r\u00e1pido y creemos que se puede\u201d se\u00f1al\u00f3 finalmente el diputado Jaime Mulet.<\/p>\n","protected":false},"excerpt":{"rendered":"<p>Este jueves se cumpli\u00f3 el itinerario de interpelaciones parlamentarias a ministros de Estado. Anteriormente hab\u00eda sido el turno de la Ministra del Trabajo y Previsi\u00f3n&hellip; <\/p>\n","protected":false},"author":2,"featured_media":19817,"comment_status":"open","ping_status":"closed","sticky":false,"template":"","format":"standard","meta":{"footnotes":""},"categories":[7,37],"tags":[],"class_list":["post-19816","post","type-post","status-publish","format-standard","has-post-thumbnail","hentry","category-atacama","category-nacional"],"_links":{"self":[{"href":"https:\/\/www.radioamigavallenar.cl\/index.php?rest_route=\/wp\/v2\/posts\/19816","targetHints":{"allow":["GET"]}}],"collection":[{"href":"https:\/\/www.radioamigavallenar.cl\/index.php?rest_route=\/wp\/v2\/posts"}],"about":[{"href":"https:\/\/www.radioamigavallenar.cl\/index.php?rest_route=\/wp\/v2\/types\/post"}],"author":[{"embeddable":true,"href":"https:\/\/www.radioamigavallenar.cl\/index.php?rest_route=\/wp\/v2\/users\/2"}],"replies":[{"embeddable":true,"href":"https:\/\/www.radioamigavallenar.cl\/index.php?rest_route=%2Fwp%2Fv2%2Fcomments&post=19816"}],"version-history":[{"count":0,"href":"https:\/\/www.radioamigavallenar.cl\/index.php?rest_route=\/wp\/v2\/posts\/19816\/revisions"}],"wp:featuredmedia":[{"embeddable":true,"href":"https:\/\/www.radioamigavallenar.cl\/index.php?rest_route=\/wp\/v2\/media\/19817"}],"wp:attachment":[{"href":"https:\/\/www.radioamigavallenar.cl\/index.php?rest_route=%2Fwp%2Fv2%2Fmedia&parent=19816"}],"wp:term":[{"taxonomy":"category","embeddable":true,"href":"https:\/\/www.radioamigavallenar.cl\/index.php?rest_route=%2Fwp%2Fv2%2Fcategories&post=19816"},{"taxonomy":"post_tag","embeddable":true,"href":"https:\/\/www.radioamigavallenar.cl\/index.php?rest_route=%2Fwp%2Fv2%2Ftags&post=19816"}],"curies":[{"name":"wp","href":"https:\/\/api.w.org\/{rel}","templated":true}]}}