{"id":19813,"date":"2020-01-10T13:13:57","date_gmt":"2020-01-10T16:13:57","guid":{"rendered":"https:\/\/www.radioamigavallenar.cl\/?p=19813"},"modified":"2020-01-10T13:13:58","modified_gmt":"2020-01-10T16:13:58","slug":"buscan-construir-la-estrategia-regional-de-desarrollo-erda-2030-en-atacama","status":"publish","type":"post","link":"https:\/\/www.radioamigavallenar.cl\/?p=19813","title":{"rendered":"Buscan construir La Estrategia Regional de Desarrollo \u201cERDA 2030\u201d en Atacama"},"content":{"rendered":"\n<figure class=\"wp-block-image size-large\"><img loading=\"lazy\" decoding=\"async\" width=\"1024\" height=\"768\" src=\"https:\/\/www.radioamigavallenar.cl\/wp-content\/uploads\/2020\/01\/Grupo-2-1536x1152-1-1024x768.jpg\" alt=\"\" class=\"wp-image-19814\" srcset=\"https:\/\/www.radioamigavallenar.cl\/wp-content\/uploads\/2020\/01\/Grupo-2-1536x1152-1-1024x768.jpg 1024w, https:\/\/www.radioamigavallenar.cl\/wp-content\/uploads\/2020\/01\/Grupo-2-1536x1152-1-300x225.jpg 300w, https:\/\/www.radioamigavallenar.cl\/wp-content\/uploads\/2020\/01\/Grupo-2-1536x1152-1-768x576.jpg 768w, https:\/\/www.radioamigavallenar.cl\/wp-content\/uploads\/2020\/01\/Grupo-2-1536x1152-1.jpg 1536w\" sizes=\"auto, (max-width: 1024px) 100vw, 1024px\" \/><\/figure>\n\n\n\n<p>M\u00e1s de 150 Actores Clave participaron de los Grupos Focales.<\/p>\n\n\n\n<p>505 ciudadanos participaron de los talleres regionales de las 9 comunas y 77 actores claves han sido entrevistados para la construcci\u00f3n del diagn\u00f3stico de la estrategia.<\/p>\n\n\n\n<p>La Estrategia Regional de Desarrollo ERDA 2030, ejecutada por la Universidad de Atacama mandatada por el Gobierno Regional a trav\u00e9s de la Corporaci\u00f3n para la Competitividad e Innovaci\u00f3n de la Regi\u00f3n de Atacama CCIRA, finaliz\u00f3 con \u00e9xito los 10 grupos focales que se realizaron en el mes de diciembre y enero con una participaci\u00f3n de m\u00e1s de 150 actores claves de diferentes tem\u00e1ticas que impactan de manera directa la Regi\u00f3n, tales como Construcci\u00f3n y Urbanismo, Sistema h\u00eddrico y Medio Ambiente, Turismo y Comercio, Agricultura, Pesca, Acuicultura y Borde Costero, Salud y Deporte, Transporte y Telecomunicaciones y Miner\u00eda y Energ\u00eda.<\/p>\n\n\n\n<p>\u201cEsta Estrategia est\u00e1 siendo construida por primera vez por gente de la regi\u00f3n de Atacama para la gente de Atacama, y el ente que est\u00e1 articulando todo esto, es precisamente la Universidad de Atacama. Hoy damos por terminada la segunda etapa en donde hemos realizado talleres comunales, entrevistas estructuradas, grupos focales, entre otras instancias de participaci\u00f3n\u201d asegur\u00f3 H\u00e9ctor Fuentes Castillo, Director del Proyecto de la Estrategia Regional de Atacama ERDA 2030.<\/p>\n\n\n\n<p>Actualmente la estrategia se encuentra en la fase dos de cinco etapas, las cuales, han permitido canalizar y plasmar inquietudes, necesidades, anhelos y demandas m\u00e1s importantes de la ciudadan\u00eda. Su instrumento ha permitido alcanzar a m\u00e1s de 49.051 a trav\u00e9s de convocatorias, publicaci\u00f3n en medios de comunicaci\u00f3n y contacto directo. Adem\u00e1s, se realizaron talleres de construcci\u00f3n colectiva en las nueve comunas con una participaci\u00f3n total de 505 habitantes de la regi\u00f3n y 77 actores claves entrevistados de manera directa y 150 en los grupos focales.<\/p>\n\n\n\n<p>\u201cEstamos haciendo una Estrategia Regional de Desarrollo en el marco de un proceso de configuraci\u00f3n de las estructuras subnacionales, vamos a tener este a\u00f1o nuevas autoridades electas por votaci\u00f3n popular, como es el Gobernador Regional y por tanto es una buena noticia para quienes quieran asumir una candidatura, porque este proceso debe alimentar lo que van a hacer los diferentes programas de gobierno con los cuales se tienen que presentar los Gobernadores, asegur\u00f3 Ismael Toloza, asesor externo en el dise\u00f1o de la Estrategia Regional de Desarrollo ERDA2030.<\/p>\n\n\n\n<p>Adem\u00e1s de estos espacios de participaci\u00f3n ciudadana, la ERDA 2030 tiene habilitada durante todo el proceso de construcci\u00f3n, la encuesta web en su p\u00e1gina www.erda2030.cl , con el fin de recoger los aportes, necesidades y comentarios de los ciudadanos a la estrategia regional de Atacama.<\/p>\n\n\n\n<p>Para la fase 3 de la estrategia, se tiene contemplado realizar 9 talleres comunales y 3 regionales de prospectiva, espacio que permitir\u00e1 la construcci\u00f3n colectiva por parte de los atacame\u00f1os, de los lineamientos que articular\u00e1n la Estrategia Regional de Desarrollo de Atacama y as\u00ed orientar las pol\u00edticas p\u00fablicas e institucionales en los pr\u00f3ximos 10 a\u00f1os.<\/p>\n","protected":false},"excerpt":{"rendered":"<p>M\u00e1s de 150 Actores Clave participaron de los Grupos Focales. 505 ciudadanos participaron de los talleres regionales de las 9 comunas y 77 actores claves&hellip; <\/p>\n","protected":false},"author":2,"featured_media":19814,"comment_status":"open","ping_status":"closed","sticky":false,"template":"","format":"standard","meta":{"footnotes":""},"categories":[7],"tags":[],"class_list":["post-19813","post","type-post","status-publish","format-standard","has-post-thumbnail","hentry","category-atacama"],"_links":{"self":[{"href":"https:\/\/www.radioamigavallenar.cl\/index.php?rest_route=\/wp\/v2\/posts\/19813","targetHints":{"allow":["GET"]}}],"collection":[{"href":"https:\/\/www.radioamigavallenar.cl\/index.php?rest_route=\/wp\/v2\/posts"}],"about":[{"href":"https:\/\/www.radioamigavallenar.cl\/index.php?rest_route=\/wp\/v2\/types\/post"}],"author":[{"embeddable":true,"href":"https:\/\/www.radioamigavallenar.cl\/index.php?rest_route=\/wp\/v2\/users\/2"}],"replies":[{"embeddable":true,"href":"https:\/\/www.radioamigavallenar.cl\/index.php?rest_route=%2Fwp%2Fv2%2Fcomments&post=19813"}],"version-history":[{"count":0,"href":"https:\/\/www.radioamigavallenar.cl\/index.php?rest_route=\/wp\/v2\/posts\/19813\/revisions"}],"wp:featuredmedia":[{"embeddable":true,"href":"https:\/\/www.radioamigavallenar.cl\/index.php?rest_route=\/wp\/v2\/media\/19814"}],"wp:attachment":[{"href":"https:\/\/www.radioamigavallenar.cl\/index.php?rest_route=%2Fwp%2Fv2%2Fmedia&parent=19813"}],"wp:term":[{"taxonomy":"category","embeddable":true,"href":"https:\/\/www.radioamigavallenar.cl\/index.php?rest_route=%2Fwp%2Fv2%2Fcategories&post=19813"},{"taxonomy":"post_tag","embeddable":true,"href":"https:\/\/www.radioamigavallenar.cl\/index.php?rest_route=%2Fwp%2Fv2%2Ftags&post=19813"}],"curies":[{"name":"wp","href":"https:\/\/api.w.org\/{rel}","templated":true}]}}