{"id":19808,"date":"2020-01-10T00:00:00","date_gmt":"2020-01-10T03:00:00","guid":{"rendered":"https:\/\/www.radioamigavallenar.cl\/?p=19808"},"modified":"2020-01-09T23:23:37","modified_gmt":"2020-01-10T02:23:37","slug":"cinco-mil-atenciones-sociales-entrego-la-cchc-en-la-region-de-atacama-durante-2019","status":"publish","type":"post","link":"https:\/\/www.radioamigavallenar.cl\/?p=19808","title":{"rendered":"Cinco mil atenciones sociales entreg\u00f3 la CChC en la regi\u00f3n de Atacama durante 2019"},"content":{"rendered":"\n<figure class=\"wp-block-image size-large\"><img loading=\"lazy\" decoding=\"async\" width=\"800\" height=\"535\" src=\"https:\/\/www.radioamigavallenar.cl\/wp-content\/uploads\/2020\/01\/cchc-3-800x535-1.jpg\" alt=\"\" class=\"wp-image-19809\" srcset=\"https:\/\/www.radioamigavallenar.cl\/wp-content\/uploads\/2020\/01\/cchc-3-800x535-1.jpg 800w, https:\/\/www.radioamigavallenar.cl\/wp-content\/uploads\/2020\/01\/cchc-3-800x535-1-300x201.jpg 300w, https:\/\/www.radioamigavallenar.cl\/wp-content\/uploads\/2020\/01\/cchc-3-800x535-1-768x514.jpg 768w\" sizes=\"auto, (max-width: 800px) 100vw, 800px\" \/><\/figure>\n\n\n\n<p>Cinco mil atenciones sociales recibieron trabajadores de la construcci\u00f3n y sus familias gracias a programas impulsados por la C\u00e1mara Chilena de la Construcci\u00f3n (CChC) en la regi\u00f3n de Atacama durante 2019, el n\u00famero m\u00e1s alto que se ha realizado a nivel local, con el foco puesto en cuatro \u00e1reas de intervenci\u00f3n: salud, vivienda, formaci\u00f3n y bienestar.<\/p>\n\n\n\n<p>\u201cEl a\u00f1o pasado nos pusimos como objetivo llegar a m\u00e1s colaboradores del sector y sus familias con estas iniciativas que buscan mejorar su bienestar y posibilidades de desarrollo, dinamizando a nivel local una labor que es parte de mejorar los est\u00e1ndares sociales de nuestra industria y por tanto de la calidad de vida de todos quienes somos parte de esta\u201d, explic\u00f3 Carlos Aguirre, presidente de la CChC Copiap\u00f3.<\/p>\n\n\n\n<p>En este contexto, se realizaron operativos dentales, oftalmol\u00f3gicos y atenciones sociales en faena; la implementaci\u00f3n del seguro para enfermedades catastr\u00f3ficas \u201cConstruye Tranquilo\u201d y de la iniciativa \u201cA pasos de tu casa propia\u201d, que cuenta con un convenio con Banco Estado; el Torneo F\u00fatbol Maestro, el evento Circo del Mundo desarrollado en las mismas empresas, la presentaci\u00f3n musical de 31 Minutos para el D\u00eda del Ni\u00f1o; becas escolares, programas de formaci\u00f3n conducentes a una certificaci\u00f3n de Chile Valora, entre otros.<\/p>\n\n\n\n<p>Aguirre adem\u00e1s coment\u00f3 que para este 2020 se realizaron conversatorios en todo Chile en conjunto con trabajadores del sector, para potenciar las \u00e1reas de intervenci\u00f3n seg\u00fan las propias necesidades de los beneficiarios, por lo que se pondr\u00e1 el foco en salud, formaci\u00f3n y atenci\u00f3n social.<\/p>\n\n\n\n<p>\u201cAs\u00ed impulsaremos atenciones y prestaciones oportunas y seguiremos tambi\u00e9n generando estas instancias de encuentro, pues es la manera de co-construir mejores espacios laborales e impactar de manera positiva en la calidad de vida\u201d, expuso.<\/p>\n\n\n\n<p>Cabe destacar, que la construcci\u00f3n representa el 8% del empleo, siendo una de las principales actividades productivas del pa\u00eds, por lo mismo la CChC ha ido aumentado la inversi\u00f3n en iniciativas de este tipo para trabajadores del sector y sus familias, creciendo entre 1999 y 2019 en un 2.300%.<\/p>\n","protected":false},"excerpt":{"rendered":"<p>Cinco mil atenciones sociales recibieron trabajadores de la construcci\u00f3n y sus familias gracias a programas impulsados por la C\u00e1mara Chilena de la Construcci\u00f3n (CChC) en&hellip; <\/p>\n","protected":false},"author":2,"featured_media":19809,"comment_status":"open","ping_status":"closed","sticky":false,"template":"","format":"standard","meta":{"footnotes":""},"categories":[7],"tags":[],"class_list":["post-19808","post","type-post","status-publish","format-standard","has-post-thumbnail","hentry","category-atacama"],"_links":{"self":[{"href":"https:\/\/www.radioamigavallenar.cl\/index.php?rest_route=\/wp\/v2\/posts\/19808","targetHints":{"allow":["GET"]}}],"collection":[{"href":"https:\/\/www.radioamigavallenar.cl\/index.php?rest_route=\/wp\/v2\/posts"}],"about":[{"href":"https:\/\/www.radioamigavallenar.cl\/index.php?rest_route=\/wp\/v2\/types\/post"}],"author":[{"embeddable":true,"href":"https:\/\/www.radioamigavallenar.cl\/index.php?rest_route=\/wp\/v2\/users\/2"}],"replies":[{"embeddable":true,"href":"https:\/\/www.radioamigavallenar.cl\/index.php?rest_route=%2Fwp%2Fv2%2Fcomments&post=19808"}],"version-history":[{"count":0,"href":"https:\/\/www.radioamigavallenar.cl\/index.php?rest_route=\/wp\/v2\/posts\/19808\/revisions"}],"wp:featuredmedia":[{"embeddable":true,"href":"https:\/\/www.radioamigavallenar.cl\/index.php?rest_route=\/wp\/v2\/media\/19809"}],"wp:attachment":[{"href":"https:\/\/www.radioamigavallenar.cl\/index.php?rest_route=%2Fwp%2Fv2%2Fmedia&parent=19808"}],"wp:term":[{"taxonomy":"category","embeddable":true,"href":"https:\/\/www.radioamigavallenar.cl\/index.php?rest_route=%2Fwp%2Fv2%2Fcategories&post=19808"},{"taxonomy":"post_tag","embeddable":true,"href":"https:\/\/www.radioamigavallenar.cl\/index.php?rest_route=%2Fwp%2Fv2%2Ftags&post=19808"}],"curies":[{"name":"wp","href":"https:\/\/api.w.org\/{rel}","templated":true}]}}