{"id":19801,"date":"2020-01-10T00:02:00","date_gmt":"2020-01-10T03:02:00","guid":{"rendered":"https:\/\/www.radioamigavallenar.cl\/?p=19801"},"modified":"2020-01-10T13:36:14","modified_gmt":"2020-01-10T16:36:14","slug":"pascua-lama-comunicado-valle-del-huasco-por-fallo-de-corte-suprema-respecto-de-modificacion-de-rca","status":"publish","type":"post","link":"https:\/\/www.radioamigavallenar.cl\/?p=19801","title":{"rendered":"Pascua Lama: Comunicado Valle del Huasco por fallo de Corte Suprema respecto de Modificacio\u0301n de RCA"},"content":{"rendered":"\n<div class=\"wp-block-image\"><figure class=\"aligncenter size-large\"><img loading=\"lazy\" decoding=\"async\" width=\"640\" height=\"444\" src=\"https:\/\/www.radioamigavallenar.cl\/wp-content\/uploads\/2020\/01\/PHOTO-2020-01-09-12-53-12.jpg\" alt=\"\" class=\"wp-image-19802\" srcset=\"https:\/\/www.radioamigavallenar.cl\/wp-content\/uploads\/2020\/01\/PHOTO-2020-01-09-12-53-12.jpg 640w, https:\/\/www.radioamigavallenar.cl\/wp-content\/uploads\/2020\/01\/PHOTO-2020-01-09-12-53-12-300x208.jpg 300w\" sizes=\"auto, (max-width: 640px) 100vw, 640px\" \/><\/figure><\/div>\n\n\n\n<p>Tras el reciente rechazo de nuestra casaci\u00f3n por parte de la Corte Suprema, por medio de la cual busc\u00e1bamos pronunciamiento de ilegalidad de la Resoluci\u00f3n del Tribunal Ambiental que termin\u00f3 defendiendo la modificaci\u00f3n CRIMINAL al permiso Ambiental (RCA 2006) de Pascua Lama en su variable calidad de aguas del R\u00edo Estrecho en junio de 2016, con impotencia pero sobre todo rabia por la injusticia que se sigue perpetrando hace ya 20 a\u00f1os en nuestro territorio en manos de esta trasnacional y el Estado C\u00f3mplice, a la opini\u00f3n p\u00fablica declaramos:<\/p>\n\n\n\n<p>1- Condenamos la campa\u00f1a de manipulaci\u00f3n ya hist\u00f3rica cometida y replicada por la mayor\u00eda de los medios de comunicaci\u00f3n hegem\u00f3nicos del pa\u00eds respecto de este proyecto. Desde al menos el a\u00f1o 2013, es sistem\u00e1tico su objetivo de desinformar y confundir a la poblaci\u00f3n respecto de este proyecto, sobre todo en cuanto a resultado de fallos y resoluciones judiciales, poni\u00e9ndolas siempre a su favor, exacerbando los resultados y muchas veces -como es el caso- tergiversando los contenidos de las causas y sus implicancias, para mostrar una supuesta animosidad favorable al proyecto por parte de la institucionalidad e incluso la m\u00e1xima Corte de nuestro pa\u00eds a la ciudadan\u00eda, lleg\u00e1ndose al extremo de hacer pensar que el proyecto se reinicia o contin\u00faa, presionando tambi\u00e9n con ello otras instancias que est\u00e1n por resolverse. Llamamos con m\u00e1s fuerza que nunca, y en el momento de descr\u00e9dito en que se encuentran los medios de comunicaci\u00f3n a que sean responsables y cumplan con su \u00e9tica que tanta falta hace en este convulsionado y vulnerado Chile.<\/p>\n\n\n\n<p>2- Urge informar que esta Resoluci\u00f3n NO \u201cconfirma la RCA del a\u00f1o 2006\u201d, sino todo lo contrario, y MENOS \u201cratifica el proyecto Pascua Lama\u201d. El proyecto se encuentra paralizado con una sanci\u00f3n de CIERRE DEFINITIVO dictaminada el 17 de Enero de 2018 por la Superintendencia del Medio Ambiente, la cual espera su ratificaci\u00f3n o rechazo por parte del Primer Tribunal Ambiental de Antofagasta tras Reclamaci\u00f3n interpuesta por Barrick. Somos parte interesada y hemos trabajado fuertemente tanto por el Cierre como por su ratificaci\u00f3n. No aceptaremos una opini\u00f3n distinta por parte del Primer Tribunal Ambiental.<\/p>\n\n\n\n<p>3- La causa que nos convoca hoy, la iniciamos porque era imperativo resguardar la calidad de nuestras aguas las cuales se ven afectadas por el proyecto est\u00e9 \u00e9ste paralizado\/cerrado o no, ya que la contaminaci\u00f3n es consecuencia del drenaje \u00e1cido de mina que supura sin descanso de la naciente del R\u00edo Estrecho a toda la cuenca del Valle del HUasco tras la intervenci\u00f3n que alcanz\u00f3 a realizar la minera sobre todo en su etapa de construcci\u00f3n. La modificaci\u00f3n de la RCA autoriza niveles l\u00edmite de metales pesados en el r\u00edo m\u00e1s altos y permisivos con lo cual las nuevas contaminaciones perpetradas desde el a\u00f1o 2016 en adelante quedan ocultas, silenciadas, y por tanto, impunes, conform\u00e1ndose entonces en una amenaza altamente perjudicial para las comunidades y su salud as\u00ed como para los ecosistemas. De esta manera, hab\u00eda que rechazarla y dejarla sin efecto por el bien de tod@s. S\u00f3lo por nombrar un ejemplo: el ars\u00e9nico, elemento cancer\u00edgeno, en el punto de monitoreo m\u00e1s cercano a la poblaci\u00f3n aguas abajo del proyecto (Chollay), se elevo su l\u00edmite a sobrepasarse<\/p>\n\n\n\n<p>en 110 veces respecto de medici\u00f3n original o base, super\u00e1ndose incluso lo permitido por la Norma Chilena de Agua potable.<\/p>\n\n\n\n<p>4- En consecuencia, lamentamos profundamente el rechazo de nuestra casaci\u00f3n por parte de la Corte Suprema que si bien tuvo un voto en contra del Ministro Sergio Mu\u00f1oz quien defendi\u00f3 la grave ilegalidad cometida al no realizarse la Consulta Ind\u00edgena, con los votos de la mayor\u00eda se termina entonces perpetuando esta modificaci\u00f3n que hemos denominado como CRIMINAL, al no demostrarse seg\u00fan dicha Corte los vicios del fallo del Tribunal Ambiental que aleg\u00e1bamos, los cu\u00e1les refer\u00edan a situaciones graves como por ejemplo que no se tomaron en cuenta por parte de dicho Tribunal Ambiental nuestras contundentes pruebas avaladas por importantes expertos en salud p\u00fablica y geolog\u00eda ,quienes expusieron que el supuesto cambio natural a la calidad de las aguas que aumento sus niveles de metales pesados defendido por la empresa no se comprueba, siendo enf\u00e1ticos adem\u00e1s en las graves consecuencias para la salud de la poblaci\u00f3n tras la imposici\u00f3n de umbrales m\u00e1s permisivos como alertas de contaminaci\u00f3n. Tampoco tom\u00f3 atenci\u00f3n de la fuerte cr\u00edtica realizada a la metodolog\u00eda utilizada por el mismo Tribunal, la cual no era la \u00f3ptima y adem\u00e1s se realiz\u00f3 de manera deficiente, siendo sus resultados completamente serviles a la corroboraci\u00f3n de la hip\u00f3tesis de la empresa, aquella que siquiera la Seremia del medio Ambiente pudo confirmar en el proceso.<\/p>\n\n\n\n<p>5- El agravio y aberraci\u00f3n que significa la autorizaci\u00f3n de la modificaci\u00f3n del Permiso Ambiental de Pascua Lama, un proyecto totalmente contumaz y doloso, es responsabilidad del Estado de Chile en forma de Comisi\u00f3n de Evaluaci\u00f3n de Atacama, Comit\u00e9 de Ministros, Servicio de Evaluaci\u00f3n Ambiental y Tribunal Ambiental. Y, lamentablemente la Corte Suprema no pudo comprender la urgencia de detener este agravio a la comunidad del Valle del Huasco, incluso ante uno de los escenarios m\u00e1s graves respecto del agua, en d\u00f3nde hay que resguardarla en extremo, sobre todo en este lugar tan fr\u00e1gil que hace barrera al desierto m\u00e1s \u00e1rido del mundo. Hemos agotado para estos efectos, todas las instancias en el pa\u00eds, quedando habilitados para accionar en jurisdicci\u00f3n internacional, cuesti\u00f3n que no desestimamos ante un Estado que prefiere entregar a su poblaci\u00f3n a la muerte silenciosa por metales pesados aumentando la permisividad para contaminar a una trasnacional con tal de facilitarle la vida a su proyecto Pascua Lama.<\/p>\n\n\n\n<p>6- En una conciencia que se emancipa a\u00fan m\u00e1s en este contexto nacional en donde ya hemos dicho BASTA, nosotros que hemos seguido todos los caminos institucionales hace m\u00e1s de 7 a\u00f1os, hoy con m\u00e1s fuerza que nunca corroboramos la necesidad de cambios estructurales, constitucionales y de modelo que no permitan nunca m\u00e1s los niveles de corrupci\u00f3n y tr\u00e1fico de influencias que han existido en torno al proyecto Pascua Lama, as\u00ed como la devastaci\u00f3n de aguas, glaciares y humedales, la p\u00e9rdida de soberan\u00eda por el Tratado Binacional Minero, la destrucci\u00f3n de nuestro tejido social, la amenaza de nuestra identidad agr\u00edcola, entre otras cuestiones, a la que hemos sido gravemente sometidos.<\/p>\n\n\n\n<p>\u00a1CIERRE DEFINITIVO DE PASCUA LAMA AHORA! \u00a1AGUA SI ORO NO!<br>\u00a1Si a la vida!<\/p>\n","protected":false},"excerpt":{"rendered":"<p>Tras el reciente rechazo de nuestra casaci\u00f3n por parte de la Corte Suprema, por medio de la cual busc\u00e1bamos pronunciamiento de ilegalidad de la Resoluci\u00f3n&hellip; <\/p>\n","protected":false},"author":2,"featured_media":19802,"comment_status":"open","ping_status":"closed","sticky":false,"template":"","format":"standard","meta":{"footnotes":""},"categories":[5,7,1,2],"tags":[],"class_list":["post-19801","post","type-post","status-publish","format-standard","has-post-thumbnail","hentry","category-alto-del-carmen","category-atacama","category-provincia-del-huasco-2","category-vallenar"],"_links":{"self":[{"href":"https:\/\/www.radioamigavallenar.cl\/index.php?rest_route=\/wp\/v2\/posts\/19801","targetHints":{"allow":["GET"]}}],"collection":[{"href":"https:\/\/www.radioamigavallenar.cl\/index.php?rest_route=\/wp\/v2\/posts"}],"about":[{"href":"https:\/\/www.radioamigavallenar.cl\/index.php?rest_route=\/wp\/v2\/types\/post"}],"author":[{"embeddable":true,"href":"https:\/\/www.radioamigavallenar.cl\/index.php?rest_route=\/wp\/v2\/users\/2"}],"replies":[{"embeddable":true,"href":"https:\/\/www.radioamigavallenar.cl\/index.php?rest_route=%2Fwp%2Fv2%2Fcomments&post=19801"}],"version-history":[{"count":0,"href":"https:\/\/www.radioamigavallenar.cl\/index.php?rest_route=\/wp\/v2\/posts\/19801\/revisions"}],"wp:featuredmedia":[{"embeddable":true,"href":"https:\/\/www.radioamigavallenar.cl\/index.php?rest_route=\/wp\/v2\/media\/19802"}],"wp:attachment":[{"href":"https:\/\/www.radioamigavallenar.cl\/index.php?rest_route=%2Fwp%2Fv2%2Fmedia&parent=19801"}],"wp:term":[{"taxonomy":"category","embeddable":true,"href":"https:\/\/www.radioamigavallenar.cl\/index.php?rest_route=%2Fwp%2Fv2%2Fcategories&post=19801"},{"taxonomy":"post_tag","embeddable":true,"href":"https:\/\/www.radioamigavallenar.cl\/index.php?rest_route=%2Fwp%2Fv2%2Ftags&post=19801"}],"curies":[{"name":"wp","href":"https:\/\/api.w.org\/{rel}","templated":true}]}}