{"id":19789,"date":"2020-01-10T00:00:00","date_gmt":"2020-01-10T03:00:00","guid":{"rendered":"https:\/\/www.radioamigavallenar.cl\/?p=19789"},"modified":"2020-01-09T23:05:07","modified_gmt":"2020-01-10T02:05:07","slug":"intendente-urquieta-se-refirio-a-ley-que-permitira-bajar-hasta-en-70-por-ciento-el-precio-de-los-remedios","status":"publish","type":"post","link":"https:\/\/www.radioamigavallenar.cl\/?p=19789","title":{"rendered":"Intendente Urquieta se refiri\u00f3 a ley que permitir\u00e1 bajar hasta en 70 por ciento el precio de los remedios"},"content":{"rendered":"\n<figure class=\"wp-block-image size-large\"><img loading=\"lazy\" decoding=\"async\" width=\"651\" height=\"454\" src=\"https:\/\/www.radioamigavallenar.cl\/wp-content\/uploads\/2020\/01\/JJJJJJ.png\" alt=\"\" class=\"wp-image-19790\" srcset=\"https:\/\/www.radioamigavallenar.cl\/wp-content\/uploads\/2020\/01\/JJJJJJ.png 651w, https:\/\/www.radioamigavallenar.cl\/wp-content\/uploads\/2020\/01\/JJJJJJ-300x209.png 300w\" sizes=\"auto, (max-width: 651px) 100vw, 651px\" \/><\/figure>\n\n\n\n<p>La nueva normativa, que entrar\u00e1 en vigencia el pr\u00f3ximo 6 de abril, permite la intermediaci\u00f3n de Cenabast para farmacias y almacenes farmac\u00e9uticos, que a trav\u00e9s de un convenio deber\u00e1n definir un l\u00edmite al precio de comercializaci\u00f3n de los medicamentos.<\/p>\n\n\n\n<p>El Intendente de Atacama, Patricio Urquieta, acompa\u00f1ado por el Seremi de Salud, Basti\u00e1n Hermosilla y el Director del Servicio de Salud, Claudio Baeza, dio a conocer este jueves los beneficios de la nueva ley promulgada por el Presidente Sebasti\u00e1n Pi\u00f1era que reducir\u00e1 el valor de venta de los remedios tras autorizar que las farmacias adquieran medicamentos a trav\u00e9s del sistema de compra que realiza Cenabast.<\/p>\n\n\n\n<p>La primera autoridad regional dijo que \u201cestamos muy contentos por esta noticia que se le ha brindado a muchos chilenos que est\u00e1n dedicando gran parte de sus ingresos mensuales a la compra de remedios, adem\u00e1s porque los m\u00e1s beneficiados ser\u00e1n los enfermos cr\u00f3nicos, los adultos mayores, la clase media y los m\u00e1s vulnerables\u201d.<\/p>\n\n\n\n<p>El Intendente Urquieta adem\u00e1s explic\u00f3 que \u201choy ocurre que los remedios son muy caros, y lo que hemos querido hacer en el Gobierno es bajar precisamente ese precio, y mejorar tambi\u00e9n el acceso a los f\u00e1rmacos, y lo vamos hacer a trav\u00e9s de una herramienta que est\u00e1 contemplada en la ley&nbsp; que ha promulgado el Presidente Pi\u00f1era, que es la ley que ampl\u00eda las facultades de Cenabast para que se pueda comprar en mayor cantidad remedios que puedan ser intermediados a trav\u00e9s de farmacias locales, pudiendo reducir significativamente el precio de aquellos remedios que se venden m\u00e1s caros en Chile que en el extranjero, y de esa manera vamos a poder brindar una gran&nbsp; ayuda y un alivio en el bolsillo aquellas personas que, en promedio, dedican casi el 35% de los ingresos que est\u00e1n destinados a la salud a la compra de remedios\u201d.<\/p>\n\n\n\n<p>La actividad fue realizada en la Botika de la comuna de Copiap\u00f3, en donde el Seremi de Salud, Basti\u00e1n Hermosilla, destac\u00f3 que \u201cla nueva ley Cenabast podr\u00e1 ser exigible a partir del 6 de abril en aquellas farmacias locales que se adhieran a esta medida, que es voluntaria. Existen actualmente cerca de 24\u00a0 farmacias independientes en nuestra regi\u00f3n\u00a0 y queremos que todas ellas puedan sumarse, esta ley permitir\u00e1 que las personas accedan a medicamentos m\u00e1s baratos y as\u00ed alivianar el bolsillo de todos, y m\u00e1s aun a los de los adultos mayores, que parte de su pensi\u00f3n se gasta en medicamentos\u201d.<\/p>\n\n\n\n<p>Con esta nueva ley, los medicamentos podr\u00edan disminuir su costo hasta en un 70%.<\/p>\n\n\n\n<p>Cenabast establecer\u00e1 un l\u00edmite al precio de venta de los medicamentos que sean comprados por las farmacias a trav\u00e9s de esta nueva modalidad, para que sean m\u00e1s baratos para la poblaci\u00f3n. Para ello, se crear\u00e1 un consejo consultivo encargado de recomendar el valor m\u00e1ximo de venta al p\u00fablico.<\/p>\n\n\n\n<p>Ubilar Reyes, Presidenta de la Agrupaci\u00f3n de Diab\u00e9ticos de Copiap\u00f3, dijo que \u201cnos enorgullece much\u00edsimo que podamos al fin alcanzar esta meta a trav\u00e9s del Presidente, y lo que el Intendente ha informado que es la baja de los medicamentos, porque en la agrupaci\u00f3n nosotros recibimos a diab\u00e9ticos\u00a0 tipo 2, hipertensos y con tiroides, entonces son 3 enfermedades a veces que tiene un solo paciente, y la carga econ\u00f3mica para ellos es enorme, y con esto estamos s\u00faper contentos y satisfechos de que las cosas se est\u00e9n\u00a0 cumpliendo\u201d.<\/p>\n\n\n\n<p>La ley forma parte de la Pol\u00edtica Nacional de Medicamentos impulsada por el Presidente Pi\u00f1era en octubre, que considera 31 medidas para mejorar la actual regulaci\u00f3n de remedios, introduciendo mayor competencia y disminuyendo el gasto de bolsillo de los usuarios. A la fecha, m\u00e1s de las 50% medidas anunciadas ya se han implementado.<\/p>\n","protected":false},"excerpt":{"rendered":"<p>La nueva normativa, que entrar\u00e1 en vigencia el pr\u00f3ximo 6 de abril, permite la intermediaci\u00f3n de Cenabast para farmacias y almacenes farmac\u00e9uticos, que a trav\u00e9s&hellip; <\/p>\n","protected":false},"author":2,"featured_media":19790,"comment_status":"open","ping_status":"closed","sticky":false,"template":"","format":"standard","meta":{"footnotes":""},"categories":[7],"tags":[],"class_list":["post-19789","post","type-post","status-publish","format-standard","has-post-thumbnail","hentry","category-atacama"],"_links":{"self":[{"href":"https:\/\/www.radioamigavallenar.cl\/index.php?rest_route=\/wp\/v2\/posts\/19789","targetHints":{"allow":["GET"]}}],"collection":[{"href":"https:\/\/www.radioamigavallenar.cl\/index.php?rest_route=\/wp\/v2\/posts"}],"about":[{"href":"https:\/\/www.radioamigavallenar.cl\/index.php?rest_route=\/wp\/v2\/types\/post"}],"author":[{"embeddable":true,"href":"https:\/\/www.radioamigavallenar.cl\/index.php?rest_route=\/wp\/v2\/users\/2"}],"replies":[{"embeddable":true,"href":"https:\/\/www.radioamigavallenar.cl\/index.php?rest_route=%2Fwp%2Fv2%2Fcomments&post=19789"}],"version-history":[{"count":0,"href":"https:\/\/www.radioamigavallenar.cl\/index.php?rest_route=\/wp\/v2\/posts\/19789\/revisions"}],"wp:featuredmedia":[{"embeddable":true,"href":"https:\/\/www.radioamigavallenar.cl\/index.php?rest_route=\/wp\/v2\/media\/19790"}],"wp:attachment":[{"href":"https:\/\/www.radioamigavallenar.cl\/index.php?rest_route=%2Fwp%2Fv2%2Fmedia&parent=19789"}],"wp:term":[{"taxonomy":"category","embeddable":true,"href":"https:\/\/www.radioamigavallenar.cl\/index.php?rest_route=%2Fwp%2Fv2%2Fcategories&post=19789"},{"taxonomy":"post_tag","embeddable":true,"href":"https:\/\/www.radioamigavallenar.cl\/index.php?rest_route=%2Fwp%2Fv2%2Ftags&post=19789"}],"curies":[{"name":"wp","href":"https:\/\/api.w.org\/{rel}","templated":true}]}}