{"id":19783,"date":"2020-01-10T00:01:00","date_gmt":"2020-01-10T03:01:00","guid":{"rendered":"https:\/\/www.radioamigavallenar.cl\/?p=19783"},"modified":"2020-01-09T23:02:28","modified_gmt":"2020-01-10T02:02:28","slug":"confirmado-este-ano-no-habra-feria-en-fiesta-de-la-candelaria","status":"publish","type":"post","link":"https:\/\/www.radioamigavallenar.cl\/?p=19783","title":{"rendered":"Confirmado: Este a\u00f1o \u201cNo habr\u00e1 Feria\u201d en fiesta de La Candelaria"},"content":{"rendered":"\n<figure class=\"wp-block-image size-large\"><img loading=\"lazy\" decoding=\"async\" width=\"1024\" height=\"576\" src=\"https:\/\/www.radioamigavallenar.cl\/wp-content\/uploads\/2020\/01\/feria-candelaria-1024x576.jpg\" alt=\"\" class=\"wp-image-19784\" srcset=\"https:\/\/www.radioamigavallenar.cl\/wp-content\/uploads\/2020\/01\/feria-candelaria-1024x576.jpg 1024w, https:\/\/www.radioamigavallenar.cl\/wp-content\/uploads\/2020\/01\/feria-candelaria-300x169.jpg 300w, https:\/\/www.radioamigavallenar.cl\/wp-content\/uploads\/2020\/01\/feria-candelaria-768x432.jpg 768w, https:\/\/www.radioamigavallenar.cl\/wp-content\/uploads\/2020\/01\/feria-candelaria-1536x864.jpg 1536w, https:\/\/www.radioamigavallenar.cl\/wp-content\/uploads\/2020\/01\/feria-candelaria.jpg 1920w\" sizes=\"auto, (max-width: 1024px) 100vw, 1024px\" \/><\/figure>\n\n\n\n<p><strong>Decisi\u00f3n se tom\u00f3 en concejo comunal desarrollado este jueves en el municipio copiapino.<\/strong><\/p>\n\n\n\n<p>La situaci\u00f3n que vive el pa\u00eds y de la cual no est\u00e1 ajena la regi\u00f3n de Atacama y la comuna de Copiap\u00f3 particularmente, hace que los concejales tomen la decisi\u00f3n de que este a\u00f1o 2020, la tradicional feria en el marco de la fiesta de \u00abLa Candelaria\u00bb no se desarrolle para no exponer a los comerciantes y a los clientes que acuden en gran cantidad a esta fiesta.<\/p>\n\n\n\n<p>El alcalde Marcos L\u00f3pez sostuvo que \u201cno queremos correr riesgos ante tanta aglomeraci\u00f3n de p\u00fablico ,todo a\u00a0 cambiado en cuanto a las relaciones de la sociedad\u00a0 y es un riesgo innecesario. En cuanto a los comerciantes buscaremos m\u00e1s adelante como recompensarlos ya que ellos estaban expectantes para poder realizar sus ventas\u201d, dijo el edil.<\/p>\n\n\n\n<p>\u201cLa estrechez financiera aconseja que durante los tres o cuatro primeros meses del a\u00f1o tengamos un comportamiento de restricci\u00f3n presupuestaria, porque no sabemos lo que se viene m\u00e1s adelante. Estamos en una situaci\u00f3n imprevisible desde el punto de vista econ\u00f3mico para el presente a\u00f1o\u201d, dijo Marcos L\u00f3pez.<\/p>\n\n\n\n<p>El jefe comunal sostuvo que este a\u00f1o hab\u00eda poco entusiasmo por participar en esta feria, debido&nbsp; precisamente al tema de la seguridad\u00bb. Respecto de la cantidad de feriantes L\u00f3pez dijo que \u201cla verdad que son entre 700 y 1.200 puestos los que se instalan cada a\u00f1o y gran parte de los comerciantes son de fuera de la ciudad\u00bb.<\/p>\n","protected":false},"excerpt":{"rendered":"<p>Decisi\u00f3n se tom\u00f3 en concejo comunal desarrollado este jueves en el municipio copiapino. La situaci\u00f3n que vive el pa\u00eds y de la cual no est\u00e1&hellip; <\/p>\n","protected":false},"author":2,"featured_media":19784,"comment_status":"open","ping_status":"closed","sticky":false,"template":"","format":"standard","meta":{"footnotes":""},"categories":[7],"tags":[],"class_list":["post-19783","post","type-post","status-publish","format-standard","has-post-thumbnail","hentry","category-atacama"],"_links":{"self":[{"href":"https:\/\/www.radioamigavallenar.cl\/index.php?rest_route=\/wp\/v2\/posts\/19783","targetHints":{"allow":["GET"]}}],"collection":[{"href":"https:\/\/www.radioamigavallenar.cl\/index.php?rest_route=\/wp\/v2\/posts"}],"about":[{"href":"https:\/\/www.radioamigavallenar.cl\/index.php?rest_route=\/wp\/v2\/types\/post"}],"author":[{"embeddable":true,"href":"https:\/\/www.radioamigavallenar.cl\/index.php?rest_route=\/wp\/v2\/users\/2"}],"replies":[{"embeddable":true,"href":"https:\/\/www.radioamigavallenar.cl\/index.php?rest_route=%2Fwp%2Fv2%2Fcomments&post=19783"}],"version-history":[{"count":0,"href":"https:\/\/www.radioamigavallenar.cl\/index.php?rest_route=\/wp\/v2\/posts\/19783\/revisions"}],"wp:featuredmedia":[{"embeddable":true,"href":"https:\/\/www.radioamigavallenar.cl\/index.php?rest_route=\/wp\/v2\/media\/19784"}],"wp:attachment":[{"href":"https:\/\/www.radioamigavallenar.cl\/index.php?rest_route=%2Fwp%2Fv2%2Fmedia&parent=19783"}],"wp:term":[{"taxonomy":"category","embeddable":true,"href":"https:\/\/www.radioamigavallenar.cl\/index.php?rest_route=%2Fwp%2Fv2%2Fcategories&post=19783"},{"taxonomy":"post_tag","embeddable":true,"href":"https:\/\/www.radioamigavallenar.cl\/index.php?rest_route=%2Fwp%2Fv2%2Ftags&post=19783"}],"curies":[{"name":"wp","href":"https:\/\/api.w.org\/{rel}","templated":true}]}}