{"id":19777,"date":"2020-01-09T00:00:00","date_gmt":"2020-01-09T03:00:00","guid":{"rendered":"https:\/\/www.radioamigavallenar.cl\/?p=19777"},"modified":"2020-01-08T23:13:11","modified_gmt":"2020-01-09T02:13:11","slug":"subsecretario-de-hacienda-destaca-aprobacion-en-el-senado-del-proyecto-de-apoyo-a-las-mipymes-para-mayor-liquidez-y-financiamiento","status":"publish","type":"post","link":"https:\/\/www.radioamigavallenar.cl\/?p=19777","title":{"rendered":"Subsecretario de Hacienda destaca aprobaci\u00f3n en el Senado del proyecto de apoyo a las Mipymes para mayor liquidez y financiamiento"},"content":{"rendered":"\n<figure class=\"wp-block-image size-large\"><img loading=\"lazy\" decoding=\"async\" width=\"1024\" height=\"682\" src=\"https:\/\/www.radioamigavallenar.cl\/wp-content\/uploads\/2020\/01\/Subsecretario-Moreno-en-el-Senado.jpeg\" alt=\"\" class=\"wp-image-19778\" srcset=\"https:\/\/www.radioamigavallenar.cl\/wp-content\/uploads\/2020\/01\/Subsecretario-Moreno-en-el-Senado.jpeg 1024w, https:\/\/www.radioamigavallenar.cl\/wp-content\/uploads\/2020\/01\/Subsecretario-Moreno-en-el-Senado-300x200.jpeg 300w, https:\/\/www.radioamigavallenar.cl\/wp-content\/uploads\/2020\/01\/Subsecretario-Moreno-en-el-Senado-768x512.jpeg 768w\" sizes=\"auto, (max-width: 1024px) 100vw, 1024px\" \/><\/figure>\n\n\n\n<p>El Subsecretario de Hacienda, Francisco Moreno, destac\u00f3 la aprobaci\u00f3n por amplia mayor\u00eda en la sala del Senado del proyecto de ley que contempla medidas tributarias y financieras destinadas a apoyar las micro, peque\u00f1as y medianas empresas del pa\u00eds (Mipymes) que se han visto afectadas por los hechos de violencia de los \u00faltimos meses que han generado la destrucci\u00f3n de su infraestructura, saqueos y bajas en sus ventas.<\/p>\n\n\n\n<p>Luego de la aprobaci\u00f3n por parte del Senado, la iniciativa se tramitar\u00e1 ma\u00f1ana jueves en la C\u00e1mara de Diputados. \u201cEste es un proyecto sumamente relevante y urgente en las condiciones econ\u00f3micas actuales, por lo que como Gobierno solicitamos el apoyo del Congreso de modo de poder tener ma\u00f1ana el tercer tr\u00e1mite y final y as\u00ed despacharlo. Las consultas que hemos recibido por parte de cientos de emprendedores de todo Chile han sido permanentes y la pronta aprobaci\u00f3n de este proyecto entregar\u00e1 liquidez y mayores alternativas de financiamiento a miles de peque\u00f1os empresarios que est\u00e1n pasando por momentos especialmente duros\u201d, se\u00f1al\u00f3 el Subsecretario en su intervenci\u00f3n en la Sala del Senado.<\/p>\n\n\n\n<p>La autoridad detall\u00f3 que el proyecto tiene tres ejes centrales: entregar mayor liquidez, garantizar acceso al financiamiento y establecer un r\u00e9gimen especial de donaciones.<\/p>\n\n\n\n<p>Mayor Liquidez: A las Mipymes con facturaci\u00f3n hasta 100 mil UF y que hayan reducido sus ventas en octubre o noviembre de 2019 se les otorgar\u00e1 la posibilidad de otorgar el paso del IVA por los meses de octubre, noviembre y diciembre de 2019. El IVA podr\u00e1 ser pagado a partir de febrero de 2020 en 12 cuotas sin intereses o multas. Adem\u00e1s, las mipymes podr\u00e1n solicitar una devoluci\u00f3n anticipada del impuesto a la renta con cargo al a\u00f1o tributario 2020. El porcentaje de la devoluci\u00f3n depender\u00e1 de la magnitud de la ca\u00edda en las ventas en octubre o noviembre de 2019 y se aplicar\u00e1 sobre el promedio simple entre la suma de los pagos provisionales mensuales (PPM) pagados en 2019 y el promedio de devoluciones de impuesto a la renta obtenidas en los a\u00f1os tributarios 2018 y 2019.<\/p>\n\n\n\n<p>El Subsecretario destac\u00f3 que inicialmente el proyecto consideraba solamente las ca\u00eddas en las ventas del mes de octubre y luego del debate parlamentario en la C\u00e1mara de Diputados se agreg\u00f3 el mes de noviembre.<\/p>\n\n\n\n<p>Adicionalmente, y a ra\u00edz de la solicitud de distintos alcaldes, se otorgan atribuciones a las municipalidades para postergar en hasta tres meses el pago de las patentes municipales o autorizar el pago de las mismas en hasta seis cuotas mensuales sin multas ni intereses para las Mipymes con facturaci\u00f3n de hasta 100 mil UF al a\u00f1o. Este beneficio aplicar\u00e1 respecto de la cuota semestral correspondiente a enero de 2020 y las cuotas semestrales del per\u00edodo comprendido entre el 1\u00b0 de julio 2020 y el 30 de junio 2021.<\/p>\n\n\n\n<p>Acceso al financiamiento: el gobierno realiza un aporte de US$ 100 millones al FOGAPE para garantizar el financiamiento de Mipymes y se ampli\u00f3 universo de empresas que pueden acceder al fondo, que ser\u00e1 tanto para peque\u00f1os como para medianos empresarios, dado que se aumenta el nivel de facturaci\u00f3n desde 25 mil UF hasta las 100 mil UF.<\/p>\n\n\n\n<p>Excepcionalmente, hasta el 31 de diciembre de este a\u00f1o, se permitir\u00e1 que empresas con ventas hasta 350 mil UF puedan acceder igualmente al Fogape.<\/p>\n\n\n\n<p>Donaciones: se crea un r\u00e9gimen especial y transitorio por 12 meses de donaciones en Mipymes con facturaci\u00f3n hasta 100 mil UF. Cada Mipyme podr\u00e1 recibir donaciones por un m\u00e1ximo de 300 UTM y, por otra parte, el l\u00edmite del gasto deducible para los donantes ser\u00e1 de un 10% de su renta l\u00edquida imponible o un 1,6% del capital propio tributario del ejercicio correspondiente.<\/p>\n","protected":false},"excerpt":{"rendered":"<p>El Subsecretario de Hacienda, Francisco Moreno, destac\u00f3 la aprobaci\u00f3n por amplia mayor\u00eda en la sala del Senado del proyecto de ley que contempla medidas tributarias&hellip; <\/p>\n","protected":false},"author":2,"featured_media":19778,"comment_status":"open","ping_status":"closed","sticky":false,"template":"","format":"standard","meta":{"footnotes":""},"categories":[37],"tags":[],"class_list":["post-19777","post","type-post","status-publish","format-standard","has-post-thumbnail","hentry","category-nacional"],"_links":{"self":[{"href":"https:\/\/www.radioamigavallenar.cl\/index.php?rest_route=\/wp\/v2\/posts\/19777","targetHints":{"allow":["GET"]}}],"collection":[{"href":"https:\/\/www.radioamigavallenar.cl\/index.php?rest_route=\/wp\/v2\/posts"}],"about":[{"href":"https:\/\/www.radioamigavallenar.cl\/index.php?rest_route=\/wp\/v2\/types\/post"}],"author":[{"embeddable":true,"href":"https:\/\/www.radioamigavallenar.cl\/index.php?rest_route=\/wp\/v2\/users\/2"}],"replies":[{"embeddable":true,"href":"https:\/\/www.radioamigavallenar.cl\/index.php?rest_route=%2Fwp%2Fv2%2Fcomments&post=19777"}],"version-history":[{"count":0,"href":"https:\/\/www.radioamigavallenar.cl\/index.php?rest_route=\/wp\/v2\/posts\/19777\/revisions"}],"wp:featuredmedia":[{"embeddable":true,"href":"https:\/\/www.radioamigavallenar.cl\/index.php?rest_route=\/wp\/v2\/media\/19778"}],"wp:attachment":[{"href":"https:\/\/www.radioamigavallenar.cl\/index.php?rest_route=%2Fwp%2Fv2%2Fmedia&parent=19777"}],"wp:term":[{"taxonomy":"category","embeddable":true,"href":"https:\/\/www.radioamigavallenar.cl\/index.php?rest_route=%2Fwp%2Fv2%2Fcategories&post=19777"},{"taxonomy":"post_tag","embeddable":true,"href":"https:\/\/www.radioamigavallenar.cl\/index.php?rest_route=%2Fwp%2Fv2%2Ftags&post=19777"}],"curies":[{"name":"wp","href":"https:\/\/api.w.org\/{rel}","templated":true}]}}