{"id":19774,"date":"2020-01-09T00:00:00","date_gmt":"2020-01-09T03:00:00","guid":{"rendered":"https:\/\/www.radioamigavallenar.cl\/?p=19774"},"modified":"2020-01-08T21:21:21","modified_gmt":"2020-01-09T00:21:21","slug":"gobierno-regional-y-servicio-de-salud-inician-obras-para-unidad-de-quimioterapia-en-hospital-regional-de-copiapo","status":"publish","type":"post","link":"https:\/\/www.radioamigavallenar.cl\/?p=19774","title":{"rendered":"Gobierno Regional y Servicio de Salud inician obras para Unidad de Quimioterapia en Hospital Regional de Copiap\u00f3"},"content":{"rendered":"\n<figure class=\"wp-block-image size-large\"><img loading=\"lazy\" decoding=\"async\" width=\"800\" height=\"533\" src=\"https:\/\/www.radioamigavallenar.cl\/wp-content\/uploads\/2020\/01\/quimio-800x533-1.jpg\" alt=\"\" class=\"wp-image-19775\" srcset=\"https:\/\/www.radioamigavallenar.cl\/wp-content\/uploads\/2020\/01\/quimio-800x533-1.jpg 800w, https:\/\/www.radioamigavallenar.cl\/wp-content\/uploads\/2020\/01\/quimio-800x533-1-300x200.jpg 300w, https:\/\/www.radioamigavallenar.cl\/wp-content\/uploads\/2020\/01\/quimio-800x533-1-768x512.jpg 768w\" sizes=\"auto, (max-width: 800px) 100vw, 800px\" \/><\/figure>\n\n\n\n<p>Gracias al trabajo en conjunto coordinado entre el Gobierno Regional, su Consejo Regional y el Servicio de Salud Atacama se logr\u00f3 contar con la aprobaci\u00f3n de 132 millones de pesos para una Unidad de Quimioterapia en el Hospital Regional San Jos\u00e9 del Carmen de Copiap\u00f3.<\/p>\n\n\n\n<p>Dichas obras comenzaron el viernes 3 de enero en el Hospital Regional de Copiap\u00f3, y buscan trabajar en el \u00e1rea f\u00edsica, en aspectos farmacol\u00f3gicos, adem\u00e1s de capacitaciones al equipo cl\u00ednico, y las contrataciones de profesionales para liderar esta Unidad como lo es la m\u00e9dico especialista en oncolog\u00eda, Dra. Mar\u00eda Daniela Berm\u00fadez.<\/p>\n\n\n\n<p>El Intendente de Atacama, Patricio Urquieta, dijo que \u201cestamos muy contentos porque estamos visitando el inicio de las obras de remodelaci\u00f3n y habilitaci\u00f3n de este espacio que es la Unidad de Quimioterapia para la atenci\u00f3n de pacientes de la Regi\u00f3n de Atacama. Estamos cumpliendo una misi\u00f3n que nos ha dado el Presidente Pi\u00f1era que es tratar mucho mejor a los pacientes con c\u00e1ncer que est\u00e1n hoy en nuestra regi\u00f3n, dotar de mayor autonom\u00eda, fortalecer la red institucional de apoyo y de ayudar al tratamiento del c\u00e1ncer, y sin duda, que tambi\u00e9n es una de las etapas que estamos cumpliendo para lograr desarrollar este Plan Nacional, que en una de sus aristas tiene contemplada la construcci\u00f3n de un Centro Oncol\u00f3gico en la Regi\u00f3n de Atacama. Estamos avanzando con recursos tanto del Ministerio de Salud, como con recursos del Gobierno Regional que han permitido que inicien estas obras y se culminen dentro del primer semestre de este a\u00f1o\u201d.<\/p>\n\n\n\n<p>\u201cEsta nueva Unidad busca mejorar la atenci\u00f3n de m\u00e1s de 150 pacientes diagnosticados con c\u00e1ncer que se atienden en los Hospitales de la ciudad de Copiap\u00f3 y Vallenar y que actualmente son trasladados hacia la ciudad de Antofagasta para realizar su tratamiento por lo que gracias a esta nueva Unidad nuestros pacientes no tendr\u00e1n salir de la regi\u00f3n y su tratamiento lo podr\u00e1n recibir cerca de sus casas, sus familias y grupos de apoyo, lo que repercute positivamente en la calidad de vida y adem\u00e1s del significativo ahorro de costos econ\u00f3micos para el paciente entregando y acercando una &nbsp;salud de manera digna y de calidad a nuestra comunidad\u201d declar\u00f3 el Director Claudio Baeza.<\/p>\n\n\n\n<p>Para esto, el Servicio de Salud ha realizado un importante trabajo en donde se hace cargo de un tema hist\u00f3rico, muy demandado y sensible para la comunidad de Atacama, y donde tambi\u00e9n recibieron el apoyo y visita de profesionales del Centro Oncol\u00f3gico de Antofagasta, lo que les permiti\u00f3 conocer y potenciar este proyecto para la regi\u00f3n.<\/p>\n\n\n\n<p>El Presidente del Consejo Regional de Atacama, Javier Castillo, se\u00f1al\u00f3 \u201cmediante esta decisi\u00f3n pol\u00edtica del Consejo Regional, tras aprobar los recursos por 132 millones de pesos, tenemos la posibilidad de dar una mejor atenci\u00f3n en salud a una demanda muy sentida; as\u00ed como la proyecci\u00f3n, ya tomada, de que Atacama tiene que tener un Centro Oncol\u00f3gico\u201d. De la misma forma destac\u00f3 el Director del Hospital, Dr. Mario Sotomayor \u201cCon esta Unidad de Quimioterapia Ambulatoria que estamos levantando, nuestro hospital podr\u00e1 comenzar a entregar las quimioterapias que muchas y muchos atacame\u00f1os estaban esperando y ya no viajar\u00e1n a Antofagasta a realiz\u00e1rsela\u201d.<\/p>\n\n\n\n<p>La Unidad de Quimioterapia comenzar\u00eda sus funciones en marzo de este a\u00f1o, y se ver\u00e1 complementada con la futura construcci\u00f3n del Centro Oncol\u00f3gico Regional para tratar todas las etapas de c\u00e1ncer, y que se suma a otros proyectos que beneficiar\u00e1n la atenci\u00f3n de nuestros usuarios como el nuevo Hospital de Huasco y Diego de Almagro, el Cesfam Altiplano Norte de Vallenar, equipamiento en Hospitales de Copiap\u00f3 y Vallenar y los Servicios de Alta Resolutividad de Caldera y Paipote, entre otras inversiones m\u00e1s.<\/p>\n","protected":false},"excerpt":{"rendered":"<p>Gracias al trabajo en conjunto coordinado entre el Gobierno Regional, su Consejo Regional y el Servicio de Salud Atacama se logr\u00f3 contar con la aprobaci\u00f3n&hellip; <\/p>\n","protected":false},"author":2,"featured_media":19775,"comment_status":"open","ping_status":"closed","sticky":false,"template":"","format":"standard","meta":{"footnotes":""},"categories":[7],"tags":[],"class_list":["post-19774","post","type-post","status-publish","format-standard","has-post-thumbnail","hentry","category-atacama"],"_links":{"self":[{"href":"https:\/\/www.radioamigavallenar.cl\/index.php?rest_route=\/wp\/v2\/posts\/19774","targetHints":{"allow":["GET"]}}],"collection":[{"href":"https:\/\/www.radioamigavallenar.cl\/index.php?rest_route=\/wp\/v2\/posts"}],"about":[{"href":"https:\/\/www.radioamigavallenar.cl\/index.php?rest_route=\/wp\/v2\/types\/post"}],"author":[{"embeddable":true,"href":"https:\/\/www.radioamigavallenar.cl\/index.php?rest_route=\/wp\/v2\/users\/2"}],"replies":[{"embeddable":true,"href":"https:\/\/www.radioamigavallenar.cl\/index.php?rest_route=%2Fwp%2Fv2%2Fcomments&post=19774"}],"version-history":[{"count":0,"href":"https:\/\/www.radioamigavallenar.cl\/index.php?rest_route=\/wp\/v2\/posts\/19774\/revisions"}],"wp:featuredmedia":[{"embeddable":true,"href":"https:\/\/www.radioamigavallenar.cl\/index.php?rest_route=\/wp\/v2\/media\/19775"}],"wp:attachment":[{"href":"https:\/\/www.radioamigavallenar.cl\/index.php?rest_route=%2Fwp%2Fv2%2Fmedia&parent=19774"}],"wp:term":[{"taxonomy":"category","embeddable":true,"href":"https:\/\/www.radioamigavallenar.cl\/index.php?rest_route=%2Fwp%2Fv2%2Fcategories&post=19774"},{"taxonomy":"post_tag","embeddable":true,"href":"https:\/\/www.radioamigavallenar.cl\/index.php?rest_route=%2Fwp%2Fv2%2Ftags&post=19774"}],"curies":[{"name":"wp","href":"https:\/\/api.w.org\/{rel}","templated":true}]}}