{"id":19761,"date":"2020-01-09T00:00:00","date_gmt":"2020-01-09T03:00:00","guid":{"rendered":"https:\/\/www.radioamigavallenar.cl\/?p=19761"},"modified":"2020-01-08T21:10:56","modified_gmt":"2020-01-09T00:10:56","slug":"industria-minera-crea-mas-de-23-000-empleos-en-doce-meses","status":"publish","type":"post","link":"https:\/\/www.radioamigavallenar.cl\/?p=19761","title":{"rendered":"Industria minera crea m\u00e1s de 23.000 empleos en doce meses"},"content":{"rendered":"\n<div class=\"wp-block-image\"><figure class=\"aligncenter size-large is-resized\"><img loading=\"lazy\" decoding=\"async\" src=\"https:\/\/www.radioamigavallenar.cl\/wp-content\/uploads\/2020\/01\/SONAMI-1024x1015.jpg\" alt=\"\" class=\"wp-image-19762\" width=\"427\" height=\"422\" srcset=\"https:\/\/www.radioamigavallenar.cl\/wp-content\/uploads\/2020\/01\/SONAMI-1024x1015.jpg 1024w, https:\/\/www.radioamigavallenar.cl\/wp-content\/uploads\/2020\/01\/SONAMI-300x297.jpg 300w, https:\/\/www.radioamigavallenar.cl\/wp-content\/uploads\/2020\/01\/SONAMI-768x761.jpg 768w, https:\/\/www.radioamigavallenar.cl\/wp-content\/uploads\/2020\/01\/SONAMI-1536x1522.jpg 1536w, https:\/\/www.radioamigavallenar.cl\/wp-content\/uploads\/2020\/01\/SONAMI.jpg 1801w\" sizes=\"auto, (max-width: 427px) 100vw, 427px\" \/><\/figure><\/div>\n\n\n\n<p>La ocupaci\u00f3n en el sector minero creci\u00f3 11,8% en los \u00faltimos doce meses, pues en el trimestre septiembre noviembre de 2018 alcanzaba a 201.600 personas, en tanto que en la \u00faltima medici\u00f3n correspondiente al trimestre septiembre-noviembre de 2019 llega a 225.400 trabajadores, esto es un aumento de 23.800 nuevos puestos de trabajo.\u00a0<em>\u201cDurante diez meses consecutivos la miner\u00eda, principal actividad econ\u00f3mica del pa\u00eds, ha incrementado la ocupaci\u00f3n respecto de lo que ocurr\u00eda hace un a\u00f1o atr\u00e1s, ello por cierto, en la actual circunstancia, es muy positivo para el pa\u00eds y especialmente para las regiones mineras\u00bb<\/em>, afirma el gerente de Estudios de SONAMI, \u00c1lvaro Merino.<\/p>\n\n\n\n<p>Cabe destacar que mientras el empleo en el pa\u00eds crece 1,4% en el \u00faltimo a\u00f1o, en la miner\u00eda aumenta 11,8%, mientras que en otros rubros representativos de la econom\u00eda nacional, como la industria manufacturera, cae 3,6%, el sector agr\u00edcola no registra variaci\u00f3n, en el comercio crece 1,6%, en el transporte aumenta 1,8%, actividades financieras y de seguros se eleva en 3,3% y en la construcci\u00f3n crece 6,3%.<\/p>\n\n\n\n<p><em>\u201cLa miner\u00eda, nuevamente, es el sector econ\u00f3mico que m\u00e1s aument\u00f3 el nivel de empleo en los \u00faltimos doce meses\u201d<\/em>, expres\u00f3 el gerente de Estudios del gremio minero.<\/p>\n\n\n\n<p>En cuanto a la desocupaci\u00f3n en las regiones mineras, en los \u00faltimos doce meses, registra una fuerte disminuci\u00f3n, pues en el trimestre m\u00f3vil septiembre-noviembre de 2018 marcaba 7,4% mientras que en la \u00faltima medici\u00f3n anot\u00f3 6,4%, esto es 1 punto inferior. En un a\u00f1o, los desocupados en las regiones de Tarapac\u00e1, Antofagasta, Atacama y Coquimbo, disminuyen desde 79.300 personas a 68.500 personas, es decir, 10.800 trabajadores dejaron de estar desempleados. En el pa\u00eds en tanto, la tasa de desocupaci\u00f3n alcanz\u00f3 a 6,9%&nbsp; aumentando 0.1 puntos en un a\u00f1o y los desocupados se incrementan en 12.950 trabajadores. En las regiones mineras la desocupaci\u00f3n es 0,5 puntos inferior a la que registra el pa\u00eds.<\/p>\n\n\n\n<p><em>\u201cMientras a nivel nacional la desocupaci\u00f3n aumenta 0,1 puntos, en los \u00faltimos doce meses, en las regiones mineras cae 1 punto\u201d<\/em>&nbsp;destaca el gerente de Estudios de SONAMI, \u00c1lvaro Merino.<\/p>\n\n\n\n<p><em>\u201cLas regiones mineras est\u00e1n mostrando una significativa disminuci\u00f3n del desempleo, lo que por cierto es muy positivo. Cabe destacar que en la Regi\u00f3n de Tarapac\u00e1 disminuye en 1,1 puntos, desde 7,4% hace un a\u00f1o atr\u00e1s a 6,3% en la actualidad,&nbsp; Antofagasta, capital minera por excelencia, cae en 1,7 puntos, desde 8,2% a 6,5%, en Coquimbo baja 1,4 puntos y en Atacama aumenta desde 7,3% a 8,5%. Estamos confiados en que este positivo descenso del desempleo contin\u00fae, a medida que avance la inversi\u00f3n minera\u201d<\/em>,&nbsp; concluy\u00f3 el ejecutivo de SONAMI.<\/p>\n","protected":false},"excerpt":{"rendered":"<p>La ocupaci\u00f3n en el sector minero creci\u00f3 11,8% en los \u00faltimos doce meses, pues en el trimestre septiembre noviembre de 2018 alcanzaba a 201.600 personas,&hellip; <\/p>\n","protected":false},"author":2,"featured_media":19762,"comment_status":"open","ping_status":"closed","sticky":false,"template":"","format":"standard","meta":{"footnotes":""},"categories":[34,37],"tags":[],"class_list":["post-19761","post","type-post","status-publish","format-standard","has-post-thumbnail","hentry","category-mineria","category-nacional"],"_links":{"self":[{"href":"https:\/\/www.radioamigavallenar.cl\/index.php?rest_route=\/wp\/v2\/posts\/19761","targetHints":{"allow":["GET"]}}],"collection":[{"href":"https:\/\/www.radioamigavallenar.cl\/index.php?rest_route=\/wp\/v2\/posts"}],"about":[{"href":"https:\/\/www.radioamigavallenar.cl\/index.php?rest_route=\/wp\/v2\/types\/post"}],"author":[{"embeddable":true,"href":"https:\/\/www.radioamigavallenar.cl\/index.php?rest_route=\/wp\/v2\/users\/2"}],"replies":[{"embeddable":true,"href":"https:\/\/www.radioamigavallenar.cl\/index.php?rest_route=%2Fwp%2Fv2%2Fcomments&post=19761"}],"version-history":[{"count":0,"href":"https:\/\/www.radioamigavallenar.cl\/index.php?rest_route=\/wp\/v2\/posts\/19761\/revisions"}],"wp:featuredmedia":[{"embeddable":true,"href":"https:\/\/www.radioamigavallenar.cl\/index.php?rest_route=\/wp\/v2\/media\/19762"}],"wp:attachment":[{"href":"https:\/\/www.radioamigavallenar.cl\/index.php?rest_route=%2Fwp%2Fv2%2Fmedia&parent=19761"}],"wp:term":[{"taxonomy":"category","embeddable":true,"href":"https:\/\/www.radioamigavallenar.cl\/index.php?rest_route=%2Fwp%2Fv2%2Fcategories&post=19761"},{"taxonomy":"post_tag","embeddable":true,"href":"https:\/\/www.radioamigavallenar.cl\/index.php?rest_route=%2Fwp%2Fv2%2Ftags&post=19761"}],"curies":[{"name":"wp","href":"https:\/\/api.w.org\/{rel}","templated":true}]}}