{"id":19755,"date":"2020-01-09T00:00:00","date_gmt":"2020-01-09T03:00:00","guid":{"rendered":"https:\/\/www.radioamigavallenar.cl\/?p=19755"},"modified":"2020-01-08T21:08:25","modified_gmt":"2020-01-09T00:08:25","slug":"diputada-cicardini-asumio-presidencia-de-comision-investigadora-por-agua-megasequia-y-cambio-climatico","status":"publish","type":"post","link":"https:\/\/www.radioamigavallenar.cl\/?p=19755","title":{"rendered":"Diputada Cicardini asumi\u00f3 presidencia de Comisi\u00f3n Investigadora por agua, megasequ\u00eda y cambio clim\u00e1tico"},"content":{"rendered":"\n<figure class=\"wp-block-gallery columns-3 is-cropped wp-block-gallery-1 is-layout-flex wp-block-gallery-is-layout-flex\"><ul class=\"blocks-gallery-grid\"><li class=\"blocks-gallery-item\"><figure><img loading=\"lazy\" decoding=\"async\" width=\"957\" height=\"641\" src=\"https:\/\/www.radioamigavallenar.cl\/wp-content\/uploads\/2020\/01\/1.jpg\" alt=\"\" data-id=\"19757\" data-full-url=\"https:\/\/www.radioamigavallenar.cl\/wp-content\/uploads\/2020\/01\/1.jpg\" data-link=\"https:\/\/www.radioamigavallenar.cl\/?attachment_id=19757\" class=\"wp-image-19757\" srcset=\"https:\/\/www.radioamigavallenar.cl\/wp-content\/uploads\/2020\/01\/1.jpg 957w, https:\/\/www.radioamigavallenar.cl\/wp-content\/uploads\/2020\/01\/1-300x201.jpg 300w, https:\/\/www.radioamigavallenar.cl\/wp-content\/uploads\/2020\/01\/1-768x514.jpg 768w\" sizes=\"auto, (max-width: 957px) 100vw, 957px\" \/><\/figure><\/li><li class=\"blocks-gallery-item\"><figure><img loading=\"lazy\" decoding=\"async\" width=\"777\" height=\"472\" src=\"https:\/\/www.radioamigavallenar.cl\/wp-content\/uploads\/2020\/01\/2.jpeg\" alt=\"\" data-id=\"19758\" data-full-url=\"https:\/\/www.radioamigavallenar.cl\/wp-content\/uploads\/2020\/01\/2.jpeg\" data-link=\"https:\/\/www.radioamigavallenar.cl\/?attachment_id=19758\" class=\"wp-image-19758\" srcset=\"https:\/\/www.radioamigavallenar.cl\/wp-content\/uploads\/2020\/01\/2.jpeg 777w, https:\/\/www.radioamigavallenar.cl\/wp-content\/uploads\/2020\/01\/2-300x182.jpeg 300w, https:\/\/www.radioamigavallenar.cl\/wp-content\/uploads\/2020\/01\/2-768x467.jpeg 768w\" sizes=\"auto, (max-width: 777px) 100vw, 777px\" \/><\/figure><\/li><li class=\"blocks-gallery-item\"><figure><img loading=\"lazy\" decoding=\"async\" width=\"1024\" height=\"656\" src=\"https:\/\/www.radioamigavallenar.cl\/wp-content\/uploads\/2020\/01\/3-2-1024x656.jpg\" alt=\"\" data-id=\"19759\" data-full-url=\"https:\/\/www.radioamigavallenar.cl\/wp-content\/uploads\/2020\/01\/3-2.jpg\" data-link=\"https:\/\/www.radioamigavallenar.cl\/?attachment_id=19759\" class=\"wp-image-19759\" srcset=\"https:\/\/www.radioamigavallenar.cl\/wp-content\/uploads\/2020\/01\/3-2-1024x656.jpg 1024w, https:\/\/www.radioamigavallenar.cl\/wp-content\/uploads\/2020\/01\/3-2-300x192.jpg 300w, https:\/\/www.radioamigavallenar.cl\/wp-content\/uploads\/2020\/01\/3-2-768x492.jpg 768w, https:\/\/www.radioamigavallenar.cl\/wp-content\/uploads\/2020\/01\/3-2.jpg 1080w\" sizes=\"auto, (max-width: 1024px) 100vw, 1024px\" \/><\/figure><\/li><\/ul><\/figure>\n\n\n\n<p>Como una gran responsabilidad sobre un tema de la mayor relevancia y urgencia, se\u00f1al\u00f3 la diputada (PS) por Atacama, Daniella Cicardini, su elecci\u00f3n de manera un\u00e1nime como nueva presidenta de la Comisi\u00f3n Especial Investigadora de la C\u00e1mara de Diputados sobre la actuaci\u00f3n de organismos del Estado en la gesti\u00f3n del agua, megasequ\u00eda y efectos del cambio clim\u00e1tico.<\/p>\n\n\n\n<p>La parlamentaria asumi\u00f3 la presidencia de la instancia en reemplazo del diputado del Frente Amplio, Diego Iba\u00f1ez, y dijo recibir la tarea \u201ccon un especial compromiso, con la gente de comunas y de regiones como Atacama, que hoy lo est\u00e1n pasando mal y sufriendo las consecuencias de la megasequ\u00eda, y tambi\u00e9n los graves efectos de la sobreexplotaci\u00f3n de r\u00edos y cuencas como las de nuestros r\u00edos en el Huasco y Copiap\u00f3\u201d, indic\u00f3.<\/p>\n\n\n\n<p>En esa misma l\u00ednea, Cicardini subray\u00f3 que si bien separa el ejercicio de su rol de presidenta de la instancia, en el que afirma espera darle garant\u00edas a parlamentarios de todos los sectores, \u201cindudablemente tengo una opini\u00f3n y una visi\u00f3n bien critica de lo que se ha hecho y de lo que se est\u00e1 haciendo hoy en materia de protecci\u00f3n del agua\u201d.<\/p>\n\n\n\n<p>\u201cNo puede ser que con la gravedad y urgencia que tenemos, el gobierno haga campa\u00f1as en que le carga la responsabilidad del cuidado del agua a los ciudadanos y no a la gran industria forestal, agr\u00edcola o minera, y haya dilatado con m\u00e1s de cien indicaciones la reforma al C\u00f3digo de Aguas que aprobamos los diputados en el gobierno anterior, y hoy sigue demorando su avance ahora en el Senado, para proteger derechos indefinidos de privados sobre el agua de todos y de todas\u201d, subray\u00f3.<\/p>\n\n\n\n<p>La diputada Cicardini afirm\u00f3, no obstante, que \u201cindependiente de esa iniciativa, de igual manera tengo confianza en que el agua pueda ser recuperada y verdaderamente garantizada como un bien p\u00fablico en una nueva constituci\u00f3n; que priorice adem\u00e1s el consumo humano del agua por sobre su uso como cualquier otra mercanc\u00eda\u201d, subray\u00f3.<\/p>\n\n\n\n<p>\u201cEl tema del agua tambi\u00e9n ha sido parte de la demanda ciudadana, y eso tiene todo el sentido del mundo, porque hablar del agua es hablar tambi\u00e9n de un tema social, es hablar de un recurso esencial para la vida, y porque en la disponibilidad y acceso al agua se ven tambi\u00e9n reflejadas las desigualdades en nuestro pa\u00eds, y por lo tanto se debe detener su mal uso y el verdadero saqueo que han denunciado muchas comunidades, y deben haber respuestas por parte del Estado\u201d, agreg\u00f3.<br><\/p>\n\n\n\n<p>Asimismo la legisldora se\u00f1al\u00f3 que pese a lo acotado de las sesiones y plazos de funcionamiento de la comisi\u00f3n, espera se pueda invitar y recibir el testimonio de representantes, organizaciones y comunidades de la regi\u00f3n de Atacama.<\/p>\n\n\n\n<p>La primera sesi\u00f3n encabezada por Cicardini cont\u00f3 con la exposici\u00f3n del ministro de Obras P\u00fablicas, Alfredo Moreno, a quien se le reiter\u00f3 la invitaci\u00f3n para dar respuesta a las inquietudes de los integrantes de la comisi\u00f3n el pr\u00f3ximo lunes 13 de enero, y asimismo se extender\u00e1 la convocatoria al ministro de Agricultura, Antonio Walker.<\/p>\n\n\n\n<p>El objetivo de la comisi\u00f3n especial de la c\u00e1mara es evaluar la actuaci\u00f3n de ministerios como los ya mencionados, as\u00ed como las carteras de Medio Ambiente e Interior, y otros servicios y organismos p\u00fablicos competentes, y proponer medidas que permitan enfrentar los desaf\u00edos de la crisis h\u00eddrica derivados de la megasequ\u00eda y el cambio clim\u00e1tico.<\/p>\n","protected":false},"excerpt":{"rendered":"<p>Como una gran responsabilidad sobre un tema de la mayor relevancia y urgencia, se\u00f1al\u00f3 la diputada (PS) por Atacama, Daniella Cicardini, su elecci\u00f3n de manera&hellip; <\/p>\n","protected":false},"author":2,"featured_media":19757,"comment_status":"open","ping_status":"closed","sticky":false,"template":"","format":"standard","meta":{"footnotes":""},"categories":[7,37],"tags":[],"class_list":["post-19755","post","type-post","status-publish","format-standard","has-post-thumbnail","hentry","category-atacama","category-nacional"],"_links":{"self":[{"href":"https:\/\/www.radioamigavallenar.cl\/index.php?rest_route=\/wp\/v2\/posts\/19755","targetHints":{"allow":["GET"]}}],"collection":[{"href":"https:\/\/www.radioamigavallenar.cl\/index.php?rest_route=\/wp\/v2\/posts"}],"about":[{"href":"https:\/\/www.radioamigavallenar.cl\/index.php?rest_route=\/wp\/v2\/types\/post"}],"author":[{"embeddable":true,"href":"https:\/\/www.radioamigavallenar.cl\/index.php?rest_route=\/wp\/v2\/users\/2"}],"replies":[{"embeddable":true,"href":"https:\/\/www.radioamigavallenar.cl\/index.php?rest_route=%2Fwp%2Fv2%2Fcomments&post=19755"}],"version-history":[{"count":0,"href":"https:\/\/www.radioamigavallenar.cl\/index.php?rest_route=\/wp\/v2\/posts\/19755\/revisions"}],"wp:featuredmedia":[{"embeddable":true,"href":"https:\/\/www.radioamigavallenar.cl\/index.php?rest_route=\/wp\/v2\/media\/19757"}],"wp:attachment":[{"href":"https:\/\/www.radioamigavallenar.cl\/index.php?rest_route=%2Fwp%2Fv2%2Fmedia&parent=19755"}],"wp:term":[{"taxonomy":"category","embeddable":true,"href":"https:\/\/www.radioamigavallenar.cl\/index.php?rest_route=%2Fwp%2Fv2%2Fcategories&post=19755"},{"taxonomy":"post_tag","embeddable":true,"href":"https:\/\/www.radioamigavallenar.cl\/index.php?rest_route=%2Fwp%2Fv2%2Ftags&post=19755"}],"curies":[{"name":"wp","href":"https:\/\/api.w.org\/{rel}","templated":true}]}}