{"id":19752,"date":"2020-01-09T00:00:00","date_gmt":"2020-01-09T03:00:00","guid":{"rendered":"https:\/\/www.radioamigavallenar.cl\/?p=19752"},"modified":"2020-01-08T21:05:38","modified_gmt":"2020-01-09T00:05:38","slug":"servicio-electoral-informa","status":"publish","type":"post","link":"https:\/\/www.radioamigavallenar.cl\/?p=19752","title":{"rendered":"Servicio electoral Informa"},"content":{"rendered":"\n<div class=\"wp-block-image\"><figure class=\"aligncenter size-large is-resized\"><img loading=\"lazy\" decoding=\"async\" src=\"https:\/\/www.radioamigavallenar.cl\/wp-content\/uploads\/2020\/01\/IMG-20191011-WA0006-768x1024.jpg\" alt=\"\" class=\"wp-image-19753\" width=\"450\" height=\"600\" srcset=\"https:\/\/www.radioamigavallenar.cl\/wp-content\/uploads\/2020\/01\/IMG-20191011-WA0006-768x1024.jpg 768w, https:\/\/www.radioamigavallenar.cl\/wp-content\/uploads\/2020\/01\/IMG-20191011-WA0006-225x300.jpg 225w, https:\/\/www.radioamigavallenar.cl\/wp-content\/uploads\/2020\/01\/IMG-20191011-WA0006.jpg 774w\" sizes=\"auto, (max-width: 450px) 100vw, 450px\" \/><\/figure><\/div>\n\n\n\n<p>El d\u00eda lunes 27 de enero 2020, el Servicio Electoral publicar\u00e1 en su sitio web los Padrones Electorales con car\u00e1cter de auditado y las N\u00f3mina de electores inhabilitados para sufragar (Art. 33, Ley N\u00b0 18.556).<\/p>\n\n\n\n<p>&#8211; Por lo anterior, se recomienda que los ciudadanos revisen la p\u00e1gina web del Servel (www.servel.cl), para constatar sus datos electorales verificando su domicilio, circunscripci\u00f3n electoral, comuna y Regi\u00f3n a la que pertenecen o por si han sido omitido en forma injustificada del padr\u00f3n electoral.<\/p>\n\n\n\n<p>&#8211; Al d\u00eda siguiente de la publicaci\u00f3n en el sitio Web, esto es el martes 28 de enero de 2020, comienza el plazo de 10 d\u00edas corridos, para efectuar reclamaciones al padr\u00f3n electoral de conformidad a lo establecido en la Ley 18.556.<\/p>\n\n\n\n<p>&#8211; Las reclamaciones deben presentarse por el afectado ante el Tribunal Electoral Regional (TER) de su domicilio electoral, quien conocer\u00e1 del asunto y resolver\u00e1 con los antecedentes que se acompa\u00f1en al reclamo.<\/p>\n\n\n\n<p>&#8211; El Tribunal Electoral Regional de Atacama, se ubica en calle Atacama N\u00b0 581, Edificio Alc\u00e1zar Oficina 201, 2\u00b0 Piso Copiap\u00f3.<\/p>\n","protected":false},"excerpt":{"rendered":"<p>El d\u00eda lunes 27 de enero 2020, el Servicio Electoral publicar\u00e1 en su sitio web los Padrones Electorales con car\u00e1cter de auditado y las N\u00f3mina&hellip; <\/p>\n","protected":false},"author":2,"featured_media":19753,"comment_status":"open","ping_status":"closed","sticky":false,"template":"","format":"standard","meta":{"footnotes":""},"categories":[7],"tags":[],"class_list":["post-19752","post","type-post","status-publish","format-standard","has-post-thumbnail","hentry","category-atacama"],"_links":{"self":[{"href":"https:\/\/www.radioamigavallenar.cl\/index.php?rest_route=\/wp\/v2\/posts\/19752","targetHints":{"allow":["GET"]}}],"collection":[{"href":"https:\/\/www.radioamigavallenar.cl\/index.php?rest_route=\/wp\/v2\/posts"}],"about":[{"href":"https:\/\/www.radioamigavallenar.cl\/index.php?rest_route=\/wp\/v2\/types\/post"}],"author":[{"embeddable":true,"href":"https:\/\/www.radioamigavallenar.cl\/index.php?rest_route=\/wp\/v2\/users\/2"}],"replies":[{"embeddable":true,"href":"https:\/\/www.radioamigavallenar.cl\/index.php?rest_route=%2Fwp%2Fv2%2Fcomments&post=19752"}],"version-history":[{"count":0,"href":"https:\/\/www.radioamigavallenar.cl\/index.php?rest_route=\/wp\/v2\/posts\/19752\/revisions"}],"wp:featuredmedia":[{"embeddable":true,"href":"https:\/\/www.radioamigavallenar.cl\/index.php?rest_route=\/wp\/v2\/media\/19753"}],"wp:attachment":[{"href":"https:\/\/www.radioamigavallenar.cl\/index.php?rest_route=%2Fwp%2Fv2%2Fmedia&parent=19752"}],"wp:term":[{"taxonomy":"category","embeddable":true,"href":"https:\/\/www.radioamigavallenar.cl\/index.php?rest_route=%2Fwp%2Fv2%2Fcategories&post=19752"},{"taxonomy":"post_tag","embeddable":true,"href":"https:\/\/www.radioamigavallenar.cl\/index.php?rest_route=%2Fwp%2Fv2%2Ftags&post=19752"}],"curies":[{"name":"wp","href":"https:\/\/api.w.org\/{rel}","templated":true}]}}