{"id":19749,"date":"2020-01-09T00:01:00","date_gmt":"2020-01-09T03:01:00","guid":{"rendered":"https:\/\/www.radioamigavallenar.cl\/?p=19749"},"modified":"2020-01-08T21:03:38","modified_gmt":"2020-01-09T00:03:38","slug":"construiran-nuevo-sombreadero-en-el-mercado-municipal-de-vallenar","status":"publish","type":"post","link":"https:\/\/www.radioamigavallenar.cl\/?p=19749","title":{"rendered":"Construir\u00e1n Nuevo Sombreadero en el Mercado Municipal de Vallenar"},"content":{"rendered":"\n<figure class=\"wp-block-image size-large\"><img loading=\"lazy\" decoding=\"async\" width=\"1024\" height=\"684\" src=\"https:\/\/www.radioamigavallenar.cl\/wp-content\/uploads\/2020\/01\/DSC_0082-1024x684.jpg\" alt=\"\" class=\"wp-image-19750\" srcset=\"https:\/\/www.radioamigavallenar.cl\/wp-content\/uploads\/2020\/01\/DSC_0082-1024x684.jpg 1024w, https:\/\/www.radioamigavallenar.cl\/wp-content\/uploads\/2020\/01\/DSC_0082-300x201.jpg 300w, https:\/\/www.radioamigavallenar.cl\/wp-content\/uploads\/2020\/01\/DSC_0082-768x513.jpg 768w, https:\/\/www.radioamigavallenar.cl\/wp-content\/uploads\/2020\/01\/DSC_0082-1536x1027.jpg 1536w, https:\/\/www.radioamigavallenar.cl\/wp-content\/uploads\/2020\/01\/DSC_0082-2048x1369.jpg 2048w\" sizes=\"auto, (max-width: 1024px) 100vw, 1024px\" \/><\/figure>\n\n\n\n<p>El alcalde de Vallenar, Cristian Tapia Ramos, acompa\u00f1ado de los concejales, Norma Torrej\u00f3n Varela, Luis Bogdanic Caminada, Robinson Morales Valera, Patricio Neira Brizuela y Luis Valderrama Malt\u00e9s, participaron en la firma del convenio del proyecto <strong>\u201cSombreadero Mercado Municipal de Vallenar<\/strong>\u201d, obra que ser\u00e1 ejecutada por la empresa contratista \u201cHabra\u201d y que se ser\u00e1 financiada \u00edntegramente con recursos municipales que superan los 14 millones de pesos.<\/p>\n\n\n\n<p>En la firma del convenio participaron el alcalde Cristian\nTapia Ramos, la presidenta del y mercado municipal, Silvia Zamorano y los\nrepresentantes de la empresa \u201cHabra\u201d, el se\u00f1or Ram\u00f3n Castillo, el administrador\nmunicipal, Jorge Villalobos y locatarios del mercado.<\/p>\n\n\n\n<p>Ram\u00f3n Castillo gerente t\u00e9cnico de la empresa \u201cHabra\u201d inform\u00f3\nde algunos aspectos t\u00e9cnicos de la obra.<\/p>\n\n\n\n<p><strong>\u201cLa obra contempla la\nconstrucci\u00f3n de un sombreadero que estar\u00e1 ubicado en la fachada sur del mercado\nmunicipal, en el ingreso al recinto por el sector de calle Serrano, con 16\nmetros lineales, con perfiles y una estructura de policarbonato colgante con\ntensores que van unidos a cada pilar. indic\u00f3 adem\u00e1s que, el plazo de t\u00e9rmino de\nla obra contempla 60 d\u00edas, pero esperamos tenerla en un plazo menor de 40 d\u00edas,\nincluyendo el montaje en el lugar\u201d.&nbsp; <\/strong><\/p>\n\n\n\n<p>Por su parte la presidenta de los locatarios del mercado\nmunicipal, Silvia Zamorano, manifest\u00f3 sentirse muy contenta con el regalo que\nel municipio les ha dado a conocer.<\/p>\n\n\n\n<p><strong>\u201cUn proyecto que nos\nva a cambiar la vida en el mercado, es un avance muy grande es un sue\u00f1o para la\ngente que esta con problemas del sol, se le desti\u00f1en las cosas y va haber un\nmejor auge para el mercado, vamos a traer mas turistas, vamos a ser mejor un\nmejor mercado, as\u00ed que feliz y agradecida del municipio de los concejales,\ntodos nosotros tambi\u00e9n que hemos puesto parte de nosotros para trabajar y\nembellecer y mejorar el mercado.<\/strong><\/p>\n\n\n\n<p><strong>Desde un principio hemos\ntrabajado con el municipio, con barrios comerciales para pintar, juntos con el\nmunicipio y ahora esto es un regalo, agradecer a los concejales, a nuestro\nalcalde por el tremendo avance que hemos tenido y como sigo diciendo que es un\nregalo al aniversario de nuestra querida ciudad y un avance para nuestro\ndesarrollo\u201d. <\/strong><\/p>\n\n\n\n<p>Finalmente, el alcalde de la comuna Cristian Tapia Ramos,\nluego de participar en la firma del convenio del mejoramiento del mercado, se\nmostr\u00f3 muy contento por la obra que le dar\u00e1 otra cara al ingreso del mercado.<\/p>\n\n\n\n<p><strong>\u201cSabemos que d\u00eda a d\u00eda la capa de ozono es muy negativa para nosotros y hemos empezado hoy un proyecto que contempla un sombreadero, con una buena estructura, con un techo de policarbonato lo cual va a proteger l\u00f3gicamente de los rayos solares, por cale serrano son 16 metros y luego la continuaci\u00f3n del otro proyecto por calle Santiago, porque creemos que todo tienen que quedar bien cubierto, estos son recursos propios municipales entonces nosotros tenemos que ir viendo las cajas que vamos obteniendo para ir invertirlo en este tipo de infraestructura, as\u00ed que lo importante es que ahora empezamos y no vamos a terminar hasta que todo este mercado est\u00e9 con las condiciones que realmente la gente necesita\u201d, <\/strong>dijo la autoridad comunal.<\/p>\n\n\n\n<p>El alcalde destaco que todos los a\u00f1os se le han estado haciendo diferentes inversiones, tratando de remodelar darle mejores condiciones a nuestros locatarios y la gente que venga tambi\u00e9n, l\u00f3gicamente se sienta acogido, recordemos que nosotros vamos a postular ahora a fuentes de financiamiento para un nuevo mercado municipal parecido a la Recova de La Serena, en calle Valpara\u00edso con Prat, proyecto que ojal\u00e1 este aprobado el primer trimestre del presente a\u00f1o, para empezar la construcci\u00f3n lo antes posible.  <\/p>\n","protected":false},"excerpt":{"rendered":"<p>El alcalde de Vallenar, Cristian Tapia Ramos, acompa\u00f1ado de los concejales, Norma Torrej\u00f3n Varela, Luis Bogdanic Caminada, Robinson Morales Valera, Patricio Neira Brizuela y Luis&hellip; <\/p>\n","protected":false},"author":2,"featured_media":19750,"comment_status":"open","ping_status":"closed","sticky":false,"template":"","format":"standard","meta":{"footnotes":""},"categories":[1,2],"tags":[],"class_list":["post-19749","post","type-post","status-publish","format-standard","has-post-thumbnail","hentry","category-provincia-del-huasco-2","category-vallenar"],"_links":{"self":[{"href":"https:\/\/www.radioamigavallenar.cl\/index.php?rest_route=\/wp\/v2\/posts\/19749","targetHints":{"allow":["GET"]}}],"collection":[{"href":"https:\/\/www.radioamigavallenar.cl\/index.php?rest_route=\/wp\/v2\/posts"}],"about":[{"href":"https:\/\/www.radioamigavallenar.cl\/index.php?rest_route=\/wp\/v2\/types\/post"}],"author":[{"embeddable":true,"href":"https:\/\/www.radioamigavallenar.cl\/index.php?rest_route=\/wp\/v2\/users\/2"}],"replies":[{"embeddable":true,"href":"https:\/\/www.radioamigavallenar.cl\/index.php?rest_route=%2Fwp%2Fv2%2Fcomments&post=19749"}],"version-history":[{"count":0,"href":"https:\/\/www.radioamigavallenar.cl\/index.php?rest_route=\/wp\/v2\/posts\/19749\/revisions"}],"wp:featuredmedia":[{"embeddable":true,"href":"https:\/\/www.radioamigavallenar.cl\/index.php?rest_route=\/wp\/v2\/media\/19750"}],"wp:attachment":[{"href":"https:\/\/www.radioamigavallenar.cl\/index.php?rest_route=%2Fwp%2Fv2%2Fmedia&parent=19749"}],"wp:term":[{"taxonomy":"category","embeddable":true,"href":"https:\/\/www.radioamigavallenar.cl\/index.php?rest_route=%2Fwp%2Fv2%2Fcategories&post=19749"},{"taxonomy":"post_tag","embeddable":true,"href":"https:\/\/www.radioamigavallenar.cl\/index.php?rest_route=%2Fwp%2Fv2%2Ftags&post=19749"}],"curies":[{"name":"wp","href":"https:\/\/api.w.org\/{rel}","templated":true}]}}