{"id":19740,"date":"2020-01-08T11:11:54","date_gmt":"2020-01-08T14:11:54","guid":{"rendered":"https:\/\/www.radioamigavallenar.cl\/?p=19740"},"modified":"2020-01-08T11:11:56","modified_gmt":"2020-01-08T14:11:56","slug":"conoce-cuales-son-los-bonos-que-se-entregaran-este-2020","status":"publish","type":"post","link":"https:\/\/www.radioamigavallenar.cl\/?p=19740","title":{"rendered":"Conoce cu\u00e1les son los bonos que se entregar\u00e1n este 2020"},"content":{"rendered":"\n<figure class=\"wp-block-image size-large\"><img loading=\"lazy\" decoding=\"async\" width=\"1024\" height=\"576\" src=\"https:\/\/www.radioamigavallenar.cl\/wp-content\/uploads\/2020\/01\/foto_0000000120200108102428-1024x576.jpg\" alt=\"\" class=\"wp-image-19741\" srcset=\"https:\/\/www.radioamigavallenar.cl\/wp-content\/uploads\/2020\/01\/foto_0000000120200108102428-1024x576.jpg 1024w, https:\/\/www.radioamigavallenar.cl\/wp-content\/uploads\/2020\/01\/foto_0000000120200108102428-300x169.jpg 300w, https:\/\/www.radioamigavallenar.cl\/wp-content\/uploads\/2020\/01\/foto_0000000120200108102428-768x432.jpg 768w, https:\/\/www.radioamigavallenar.cl\/wp-content\/uploads\/2020\/01\/foto_0000000120200108102428.jpg 1130w\" sizes=\"auto, (max-width: 1024px) 100vw, 1024px\" \/><\/figure>\n\n\n\n<p>Conoce cu\u00e1les son los bonos que se entregar\u00e1n este 2020<\/p>\n\n\n\n<p>Adem\u00e1s del famoso \u00abbono marzo\u00bb, este a\u00f1o el Estado entregar\u00e1 otros ocho aportes econ\u00f3micos que van en beneficio de las familias m\u00e1s vulnerables del pa\u00eds.<\/p>\n\n\n\n<p>Conoce cu\u00e1les son y a qui\u00e9nes van dirigidos<\/p>\n\n\n\n<ul class=\"wp-block-list\"><li><strong>Bono Protecci\u00f3n<\/strong><\/li><\/ul>\n\n\n\n<p>Beneficio monetario mensual que reciben todas las familias y personas usuarias de&nbsp;<strong>Chile Seguridades y Oportunidades del Ingreso \u00c9tico Familiar<\/strong>. Este se entrega mensualmente. La cantidad de dinero promedio equivale al tiempo que lleva la familia en los programas psicosociales y que se establece en 3 tramos: Cercano a los 17 mil pesos, 13 mil y 9 mil.<\/p>\n\n\n\n<ul class=\"wp-block-list\"><li><strong>Aporte Familiar Permanente (ex Bono Marzo)<\/strong><\/li><\/ul>\n\n\n\n<p>Se entrega entre febrero y marzo por cada carga familiar o causante que haya postulado en 2019 por&nbsp;<strong>Subsidio Familiar, Asignaci\u00f3n Familiar o Asignaci\u00f3n Maternal<\/strong>, o por los<strong>&nbsp;programas Seguridades y Oportunidades del Ingreso \u00c9tico Familiar<\/strong>. El monto es cercano a los 47 mil pesos y asciende por cada carga familiar. Se paga desde el 15 de febrero al 15 de marzo de cada a\u00f1o.<\/p>\n\n\n\n<ul class=\"wp-block-list\"><li><strong>Pago Cuidadores de Personas con Discapacidad (Estipendio)<\/strong><\/li><\/ul>\n\n\n\n<p>Consiste en pago de cargo fiscal al cuidador o cuidadora de una persona con dependencia severa. Para este beneficio, se debe estar inscrito en el&nbsp;<strong>Programa de Atenci\u00f3n Domiciliaria a Personas con Dependencia Severa del Ministerio de Salud<\/strong>, el cuidador no debe ser remunerado, y el causante debe acreditar su discapacidad. El monto beneficiario es cercano a los 27 mil pesos y se paga de manera mensual los 15 de cada mes.<\/p>\n\n\n\n<ul class=\"wp-block-list\"><li><strong>Bono Logro Escolar<\/strong><\/li><\/ul>\n\n\n\n<p>Se entrega una vez al a\u00f1o en el mes de septiembre, y es parte de&nbsp;<strong>Seguridades y Oportunidades del Ingreso \u00c9tico Familiar<\/strong>. Est\u00e1 destinado a familias que pertenezcan al 30% m\u00e1s vulnerables seg\u00fan el&nbsp;<strong>Registro Social de Hogares<\/strong>&nbsp;y que tengan&nbsp;<strong>hijos entre 5to b\u00e1sico y 4to medio<\/strong>&nbsp;con buenas calificaciones. El pago es de cerca de 60 mil pesos al 15% de mejores notas y alrededor de 35 mil pesos al 30% de mejores calificaciones.<\/p>\n\n\n\n<ul class=\"wp-block-list\"><li><strong>Graduaci\u00f3n Ense\u00f1anza Media<\/strong><\/li><\/ul>\n\n\n\n<p>Se paga de manera mensual por solo una vez a todas las personas usuarias o integrantes de una familia usuaria del&nbsp;<strong>Subsistema Seguridades y Oportunidades<\/strong>, que finalicen su ense\u00f1anza media en modalidad de educaci\u00f3n para adultos (sobre 24 a\u00f1os). A este bono no es necesario postular, ya que se acredita a trav\u00e9s del Ministerio de Educaci\u00f3n. Los beneficiarios recibir\u00e1n cerca de 52 mil pesos.<\/p>\n\n\n\n<ul class=\"wp-block-list\"><li><strong>Subsidio de Agua Potable (SAP)<\/strong><\/li><\/ul>\n\n\n\n<p>Financiamiento mensual del Estado, de un porcentaje de consumo de metros c\u00fabicos de agua potable y alcantarillado de residentes permanentes de una vivienda ubicada tanto en sector urbano como rural. Las familias del<strong>&nbsp;Seguridades y Oportunidades<\/strong>&nbsp;podr\u00e1n optar al 100% del subsidio de agua. Para postular, se debe acreditar residencia permanente de la vivienda en su municipio, estar al d\u00eda con los pagos de la sanitaria y acreditar incapacidad de pago o requisito de carencia. El monto del subsidio corresponder\u00e1 al consumo.<\/p>\n\n\n\n<ul class=\"wp-block-list\"><li><strong>Subsidio \u00danico Familiar (SUF)<\/strong><\/li><\/ul>\n\n\n\n<p>Ayuda econ\u00f3mica mensual que el Ministerio de Desarrollo entrega a madres, padres o tutores que no cuentan con previsi\u00f3n social y no tienen recursos suficientes para mantener menores (hasta 18 a\u00f1os). Se debe contar con el&nbsp;<strong>Registro Social de Hogares (RSH), pertenecer al 60% m\u00e1s vulnerable<\/strong>, tener bajo su cargo a los menores y que estos participen del<strong>&nbsp;Control Ni\u00f1o Sano<\/strong>&nbsp;o asistan regularmente a establecimientos educacionales. El monto es de 11 mil pesos por carga, adicional al subsidio que el responsable.<\/p>\n\n\n\n<ul class=\"wp-block-list\"><li><strong>Bono al Trabajo de la Mujer<\/strong><\/li><\/ul>\n\n\n\n<p>Es para mujeres que tengan entre 25 y 60 a\u00f1os, que se encuentren trabajando de forma independiente o dependiente y que est\u00e9n dentro del&nbsp;<strong>40% m\u00e1s vulnerable<\/strong>&nbsp;seg\u00fan el RSH. Aquellas que quieran el beneficio deber\u00e1n tener cotizaciones previsionales y de salud pagadas al d\u00eda y tener una renta bruta mensual inferior a 453 mil pesos o renta bruta anual inferior a los 5 millones 400 mil pesos.<\/p>\n\n\n\n<p>Recibir\u00e1n un&nbsp;<strong>monto proporcional a la renta declarada por sus empleadores<\/strong>&nbsp;con un monto tope mensual por trabajadora de 40.187 y monto m\u00e1ximo anual por trabajadora de 482 mil pesos. Adem\u00e1s, el empleador recibir\u00e1 un incentivo por contratar a mujeres y mantener sus cotizaciones al d\u00eda.<\/p>\n\n\n\n<p>Para postular deben hacerlo en&nbsp;<a href=\"https:\/\/sence.gob.cl\/subsidio\/bono-al-trabajo-de-la-mujer\" target=\"_blank\" rel=\"noreferrer noopener\">www.bonotrabajomujer.cl<\/a><\/p>\n\n\n\n<ul class=\"wp-block-list\"><li><strong>Bono por Hijo o Hija<\/strong><\/li><\/ul>\n\n\n\n<p>Beneficio que incrementa el&nbsp;<strong>monto de pensi\u00f3n de la mujer a trav\u00e9s de la entrega de una\u202fbonificaci\u00f3n por cada hijo nacido vivo\u202fo\u202fadoptado<\/strong>. La bonificaci\u00f3n, que se fija y comienza a generar rentabilidad desde la fecha de nacimiento del hijo, equivale al 10% de 18\u202fingresos m\u00ednimos mensuales\u202f(fijado para los trabajadores mayores de 18 y hasta 65 a\u00f1os).<\/p>\n\n\n\n<p>La seremi de Desarrollo Social de Arica,&nbsp;<strong>Macarena Vargas<\/strong>, -cuya cartera realiz\u00f3 el resumen de bonos- destac\u00f3 que \u00abqueremos ayudar a las familias y personas que m\u00e1s lo necesitan. Es y siempre ha sido nuestro objetivo como Ministerio\u00bb.<\/p>\n","protected":false},"excerpt":{"rendered":"<p>Conoce cu\u00e1les son los bonos que se entregar\u00e1n este 2020 Adem\u00e1s del famoso \u00abbono marzo\u00bb, este a\u00f1o el Estado entregar\u00e1 otros ocho aportes econ\u00f3micos que&hellip; <\/p>\n","protected":false},"author":2,"featured_media":19741,"comment_status":"open","ping_status":"closed","sticky":false,"template":"","format":"standard","meta":{"footnotes":""},"categories":[37],"tags":[],"class_list":["post-19740","post","type-post","status-publish","format-standard","has-post-thumbnail","hentry","category-nacional"],"_links":{"self":[{"href":"https:\/\/www.radioamigavallenar.cl\/index.php?rest_route=\/wp\/v2\/posts\/19740","targetHints":{"allow":["GET"]}}],"collection":[{"href":"https:\/\/www.radioamigavallenar.cl\/index.php?rest_route=\/wp\/v2\/posts"}],"about":[{"href":"https:\/\/www.radioamigavallenar.cl\/index.php?rest_route=\/wp\/v2\/types\/post"}],"author":[{"embeddable":true,"href":"https:\/\/www.radioamigavallenar.cl\/index.php?rest_route=\/wp\/v2\/users\/2"}],"replies":[{"embeddable":true,"href":"https:\/\/www.radioamigavallenar.cl\/index.php?rest_route=%2Fwp%2Fv2%2Fcomments&post=19740"}],"version-history":[{"count":0,"href":"https:\/\/www.radioamigavallenar.cl\/index.php?rest_route=\/wp\/v2\/posts\/19740\/revisions"}],"wp:featuredmedia":[{"embeddable":true,"href":"https:\/\/www.radioamigavallenar.cl\/index.php?rest_route=\/wp\/v2\/media\/19741"}],"wp:attachment":[{"href":"https:\/\/www.radioamigavallenar.cl\/index.php?rest_route=%2Fwp%2Fv2%2Fmedia&parent=19740"}],"wp:term":[{"taxonomy":"category","embeddable":true,"href":"https:\/\/www.radioamigavallenar.cl\/index.php?rest_route=%2Fwp%2Fv2%2Fcategories&post=19740"},{"taxonomy":"post_tag","embeddable":true,"href":"https:\/\/www.radioamigavallenar.cl\/index.php?rest_route=%2Fwp%2Fv2%2Ftags&post=19740"}],"curies":[{"name":"wp","href":"https:\/\/api.w.org\/{rel}","templated":true}]}}