{"id":19685,"date":"2020-01-07T11:15:10","date_gmt":"2020-01-07T14:15:10","guid":{"rendered":"https:\/\/www.radioamigavallenar.cl\/?p=19685"},"modified":"2020-01-07T11:15:12","modified_gmt":"2020-01-07T14:15:12","slug":"hph-adquiere-equipamiento-clinico-por-mas-de-245-millones-de-pesos","status":"publish","type":"post","link":"https:\/\/www.radioamigavallenar.cl\/?p=19685","title":{"rendered":"HPH adquiere equipamiento cl\u00ednico por m\u00e1s de 245 millones de pesos"},"content":{"rendered":"\n<figure class=\"wp-block-gallery columns-2 is-cropped wp-block-gallery-1 is-layout-flex wp-block-gallery-is-layout-flex\"><ul class=\"blocks-gallery-grid\"><li class=\"blocks-gallery-item\"><figure><img loading=\"lazy\" decoding=\"async\" width=\"1024\" height=\"683\" src=\"https:\/\/www.radioamigavallenar.cl\/wp-content\/uploads\/2020\/01\/Equipo-OCT-5-1024x683.jpg\" alt=\"\" data-id=\"19686\" data-full-url=\"https:\/\/www.radioamigavallenar.cl\/wp-content\/uploads\/2020\/01\/Equipo-OCT-5-scaled.jpg\" data-link=\"https:\/\/www.radioamigavallenar.cl\/?attachment_id=19686\" class=\"wp-image-19686\" srcset=\"https:\/\/www.radioamigavallenar.cl\/wp-content\/uploads\/2020\/01\/Equipo-OCT-5-1024x683.jpg 1024w, https:\/\/www.radioamigavallenar.cl\/wp-content\/uploads\/2020\/01\/Equipo-OCT-5-300x200.jpg 300w, https:\/\/www.radioamigavallenar.cl\/wp-content\/uploads\/2020\/01\/Equipo-OCT-5-768x512.jpg 768w, https:\/\/www.radioamigavallenar.cl\/wp-content\/uploads\/2020\/01\/Equipo-OCT-5-1536x1024.jpg 1536w, https:\/\/www.radioamigavallenar.cl\/wp-content\/uploads\/2020\/01\/Equipo-OCT-5-2048x1365.jpg 2048w\" sizes=\"auto, (max-width: 1024px) 100vw, 1024px\" \/><\/figure><\/li><li class=\"blocks-gallery-item\"><figure><img loading=\"lazy\" decoding=\"async\" width=\"1024\" height=\"683\" src=\"https:\/\/www.radioamigavallenar.cl\/wp-content\/uploads\/2020\/01\/IMG_6866-1024x683.jpg\" alt=\"\" data-id=\"19687\" data-full-url=\"https:\/\/www.radioamigavallenar.cl\/wp-content\/uploads\/2020\/01\/IMG_6866-scaled.jpg\" data-link=\"https:\/\/www.radioamigavallenar.cl\/?attachment_id=19687\" class=\"wp-image-19687\" srcset=\"https:\/\/www.radioamigavallenar.cl\/wp-content\/uploads\/2020\/01\/IMG_6866-1024x683.jpg 1024w, https:\/\/www.radioamigavallenar.cl\/wp-content\/uploads\/2020\/01\/IMG_6866-300x200.jpg 300w, https:\/\/www.radioamigavallenar.cl\/wp-content\/uploads\/2020\/01\/IMG_6866-768x512.jpg 768w, https:\/\/www.radioamigavallenar.cl\/wp-content\/uploads\/2020\/01\/IMG_6866-1536x1024.jpg 1536w, https:\/\/www.radioamigavallenar.cl\/wp-content\/uploads\/2020\/01\/IMG_6866-2048x1365.jpg 2048w\" sizes=\"auto, (max-width: 1024px) 100vw, 1024px\" \/><\/figure><\/li><\/ul><\/figure>\n\n\n\n<p>M\u00e1s de 245\nmillones en inversi\u00f3n de equipamiento cl\u00ednico realiz\u00f3 el Hospital Provincial\ndel Huasco (HPH) en el \u00faltimo trimestre del a\u00f1o, que le permite adquirir nuevos\nequipos para procesos cl\u00ednicos de los usuarios.<\/p>\n\n\n\n<p>\u201cEste esfuerzo\necon\u00f3mico nos permite adquirir equipos que vienen a facilitar los procesos\ncl\u00ednicos y que tienen como objetivo el entregar atenci\u00f3n digna y de calidad a\nlos vecinos de la provincia del Huasco. Es una inversi\u00f3n importante, pues son\nm\u00e1s de 240 millones de pesos que permiten adquirir equipos como el OCT de\nOftalmolog\u00eda, un audi\u00f3metro cl\u00ednico, una actualizaci\u00f3n de Hardware y Software\npara Farmacia, entre otros\u201d, dijo el director (s) del HPH, Juan Pablo Rojas.<\/p>\n\n\n\n<p>Entre los\nequipos adquiridos, destacan un electroencefalograma para Neurolog\u00eda, un\nelectrobistur\u00ed para Endoscop\u00eda, un equipo pim\u00f3metro\/espirometro para Medicina\nF\u00edsica, entre otros. <\/p>\n\n\n\n<p>Cabe destacar, que hace poco se entreg\u00f3 una OCT (Tomograf\u00eda de coherencia \u00f3ptica) a ofatalmolog\u00eda, la cual es una t\u00e9cnica muy utilizada en la actualidad, basada en im\u00e1genes por secciones sin llegar a ser invasiva. Para su realizaci\u00f3n, se llevan a cabo una combinaci\u00f3n por medio de distintos receptores, de este modo, se alcanza un mayor resultado. <\/p>\n\n\n\n<p>El m\u00e9dico especialista, Nelson Escarate, oftalm\u00f3logo, coment\u00f3 que \u00abeste equipo toma im\u00e1genes histol\u00f3gicas de retina y de nervio \u00f3ptico, lo que nos permite hacer evaluaciones m\u00e1s precisas y exactas de enfermedades tan frecuentes como retinopat\u00eda diab\u00e9tica, glaucoma, y muchas m\u00e1s que se van presentando d\u00eda a d\u00eda con frecuencia en la provincia. El tener este equipo es un avance tremendo, que permite entregar mejor salud a los pacientes\u00bb, se\u00f1al\u00f3 <\/p>\n","protected":false},"excerpt":{"rendered":"<p>M\u00e1s de 245 millones en inversi\u00f3n de equipamiento cl\u00ednico realiz\u00f3 el Hospital Provincial del Huasco (HPH) en el \u00faltimo trimestre del a\u00f1o, que le permite&hellip; <\/p>\n","protected":false},"author":2,"featured_media":19686,"comment_status":"open","ping_status":"closed","sticky":false,"template":"","format":"standard","meta":{"footnotes":""},"categories":[1,2],"tags":[],"class_list":["post-19685","post","type-post","status-publish","format-standard","has-post-thumbnail","hentry","category-provincia-del-huasco-2","category-vallenar"],"_links":{"self":[{"href":"https:\/\/www.radioamigavallenar.cl\/index.php?rest_route=\/wp\/v2\/posts\/19685","targetHints":{"allow":["GET"]}}],"collection":[{"href":"https:\/\/www.radioamigavallenar.cl\/index.php?rest_route=\/wp\/v2\/posts"}],"about":[{"href":"https:\/\/www.radioamigavallenar.cl\/index.php?rest_route=\/wp\/v2\/types\/post"}],"author":[{"embeddable":true,"href":"https:\/\/www.radioamigavallenar.cl\/index.php?rest_route=\/wp\/v2\/users\/2"}],"replies":[{"embeddable":true,"href":"https:\/\/www.radioamigavallenar.cl\/index.php?rest_route=%2Fwp%2Fv2%2Fcomments&post=19685"}],"version-history":[{"count":0,"href":"https:\/\/www.radioamigavallenar.cl\/index.php?rest_route=\/wp\/v2\/posts\/19685\/revisions"}],"wp:featuredmedia":[{"embeddable":true,"href":"https:\/\/www.radioamigavallenar.cl\/index.php?rest_route=\/wp\/v2\/media\/19686"}],"wp:attachment":[{"href":"https:\/\/www.radioamigavallenar.cl\/index.php?rest_route=%2Fwp%2Fv2%2Fmedia&parent=19685"}],"wp:term":[{"taxonomy":"category","embeddable":true,"href":"https:\/\/www.radioamigavallenar.cl\/index.php?rest_route=%2Fwp%2Fv2%2Fcategories&post=19685"},{"taxonomy":"post_tag","embeddable":true,"href":"https:\/\/www.radioamigavallenar.cl\/index.php?rest_route=%2Fwp%2Fv2%2Ftags&post=19685"}],"curies":[{"name":"wp","href":"https:\/\/api.w.org\/{rel}","templated":true}]}}