{"id":19681,"date":"2020-01-07T00:00:00","date_gmt":"2020-01-07T03:00:00","guid":{"rendered":"https:\/\/www.radioamigavallenar.cl\/?p=19681"},"modified":"2020-01-06T22:20:04","modified_gmt":"2020-01-07T01:20:04","slug":"colegio-medico-cuestiono-la-reforma-a-fonasa-y-pidio-fortalecimiento-del-sector-publico","status":"publish","type":"post","link":"https:\/\/www.radioamigavallenar.cl\/?p=19681","title":{"rendered":"Colegio M\u00e9dico cuestion\u00f3 la reforma a Fonasa y pidi\u00f3 fortalecimiento del sector p\u00fablico"},"content":{"rendered":"\n<figure class=\"wp-block-image size-large\"><img loading=\"lazy\" decoding=\"async\" width=\"1024\" height=\"576\" src=\"https:\/\/www.radioamigavallenar.cl\/wp-content\/uploads\/2020\/01\/foto_0000000120200106195341-1024x576.jpg\" alt=\"\" class=\"wp-image-19682\" srcset=\"https:\/\/www.radioamigavallenar.cl\/wp-content\/uploads\/2020\/01\/foto_0000000120200106195341-1024x576.jpg 1024w, https:\/\/www.radioamigavallenar.cl\/wp-content\/uploads\/2020\/01\/foto_0000000120200106195341-300x169.jpg 300w, https:\/\/www.radioamigavallenar.cl\/wp-content\/uploads\/2020\/01\/foto_0000000120200106195341-768x432.jpg 768w, https:\/\/www.radioamigavallenar.cl\/wp-content\/uploads\/2020\/01\/foto_0000000120200106195341.jpg 1130w\" sizes=\"auto, (max-width: 1024px) 100vw, 1024px\" \/><\/figure>\n\n\n\n<p>El Colegio M\u00e9dico se sum\u00f3 a los cuestionamientos de la oposici\u00f3n al proyecto que reforma el Fondo Nacional de Salud (Fonasa),\u00a0iniciativa presentada el domingo por el Presidente Sebasti\u00e1n Pi\u00f1era.<\/p>\n\n\n\n<p>Para la presidenta del organismo,&nbsp;<strong>Izkia Siches<\/strong>, el sistema p\u00fablico carece de los recursos para absorber la demanda que surgir\u00e1 a partir de la eventual puesta en marcha de la iniciativa, la cual establecer\u00e1 plazos m\u00e1ximos de espera en la red p\u00fablica, dependiendo de cada enfermedad.<\/p>\n\n\n\n<p><strong>\u00abCualquier reforma de este tipo debe ir de la mano de un fortalecimiento y una agenda clara en ese sentido para poder aumentar la capacidad dentro del sector p\u00fablico<\/strong>&nbsp;y tambi\u00e9n para poder optimizar lo que ya existe, tanto con la utilizaci\u00f3n en horarios m\u00e1s extendidos, como tambi\u00e9n en mejorar el funcionamiento de la red hospitalaria\u00bb, coment\u00f3 Siches.<\/p>\n\n\n\n<p><strong>\u00abPero eso requiere una definici\u00f3n pol\u00edtica que hoy d\u00eda no est\u00e1 presente<\/strong>&nbsp;y pareciera que se a va a poner a competir a los prestadores p\u00fablicos sin ninguna inyecci\u00f3n adicional\u00bb, a\u00f1adi\u00f3 la dirigenta del gremio de los m\u00e9dicos.<\/p>\n\n\n\n<h2 class=\"has-text-align-center wp-block-heading\"><strong>Diputado Crispi pide solidaridad en el sistema<\/strong><\/h2>\n\n\n\n<p>En la misma l\u00ednea se manifest\u00f3 el diputado de RD\u00a0Miguel Crispi, integrante de la comisi\u00f3n de Salud de la C\u00e1mara, quien critic\u00f3 una suerte de privatizaci\u00f3n, ya que\u00a0muchas atenciones ser\u00e1n derivadas desde el sector p\u00fablico al privado.<\/p>\n\n\n\n<p>\u00abEsto tiene cosas positivas, pero en el fondo&nbsp;<strong>la soluci\u00f3n que le ha encontrado este Gobierno a la crisis hospitalaria es derivar al sector privado, eso es privatizar un problema p\u00fablico\u00bb<\/strong>, coment\u00f3 el parlamentario.<\/p>\n\n\n\n<p><strong>\u00abCreemos que la soluci\u00f3n tiene m\u00e1s que ver con dotar de un alto componente de solidaridad a la atenci\u00f3n de salud<\/strong>, es decir que no haya salud para ricos y para pobres, si no que todos coticemos nuestro 7 por ciento en un Fondo Nacional de Salud y luego Fonasa administre esos recursos de manera eficiente y garantizando plazos en las atenciones\u00bb, enfatiz\u00f3 el legislador del Frente Amplio.<\/p>\n\n\n\n<p>Desde la vereda contraria, en la UDI hay molestia por la reacci\u00f3n que hubo en la oposici\u00f3n sobre el proyecto y para el diputado&nbsp;<strong>Jaime Bellolio<\/strong>, ac\u00e1 priman las ideolog\u00edas m\u00e1s que el inter\u00e9s de disminuir las listas de espera.<\/p>\n\n\n\n<p><strong>\u00abTen\u00edan preparada una carta de rechazo antes siquiera de conocer el proyecto.<\/strong>&nbsp;Yo lamento que la oposici\u00f3n quiera hacer que las personas sigan esperando, hay dos millones de personas que siguen esperando en el modelo que la oposici\u00f3n hizo\u00bb, asever\u00f3.<\/p>\n\n\n\n<p>El gremialista explic\u00f3 que a su juicio no hay privatizaci\u00f3n y que adem\u00e1s se invertir\u00e1n muchos recursos en el sector p\u00fablico.<\/p>\n\n\n\n<p><strong>\u00abNo es razonable que hasta el d\u00eda de hoy los hospitales sigan trabajando solamente un turno en la ma\u00f1ana en cirug\u00eda, en ning\u00fan caso es privatizar nada, se est\u00e1n invirtiendo 10 mil millones de d\u00f3lares en mejor infraestructura p\u00fablica<\/strong>, entonces la ceguera ideol\u00f3gica que tienen lamentablemente algunos de oposici\u00f3n simplemente con el objetivo de seguir peg\u00e1ndole al Gobierno tiene como consecuencia que la Salud no pueda avanzar\u00bb, concluy\u00f3.<\/p>\n\n\n\n<p>Este martes la Sala de la C\u00e1mara dar\u00e1 cuenta del proyecto y este pasar\u00e1 a la comisi\u00f3n de Salud de la Corporaci\u00f3n.<\/p>\n","protected":false},"excerpt":{"rendered":"<p>El Colegio M\u00e9dico se sum\u00f3 a los cuestionamientos de la oposici\u00f3n al proyecto que reforma el Fondo Nacional de Salud (Fonasa),\u00a0iniciativa presentada el domingo por&hellip; <\/p>\n","protected":false},"author":2,"featured_media":19682,"comment_status":"open","ping_status":"closed","sticky":false,"template":"","format":"standard","meta":{"footnotes":""},"categories":[37],"tags":[],"class_list":["post-19681","post","type-post","status-publish","format-standard","has-post-thumbnail","hentry","category-nacional"],"_links":{"self":[{"href":"https:\/\/www.radioamigavallenar.cl\/index.php?rest_route=\/wp\/v2\/posts\/19681","targetHints":{"allow":["GET"]}}],"collection":[{"href":"https:\/\/www.radioamigavallenar.cl\/index.php?rest_route=\/wp\/v2\/posts"}],"about":[{"href":"https:\/\/www.radioamigavallenar.cl\/index.php?rest_route=\/wp\/v2\/types\/post"}],"author":[{"embeddable":true,"href":"https:\/\/www.radioamigavallenar.cl\/index.php?rest_route=\/wp\/v2\/users\/2"}],"replies":[{"embeddable":true,"href":"https:\/\/www.radioamigavallenar.cl\/index.php?rest_route=%2Fwp%2Fv2%2Fcomments&post=19681"}],"version-history":[{"count":0,"href":"https:\/\/www.radioamigavallenar.cl\/index.php?rest_route=\/wp\/v2\/posts\/19681\/revisions"}],"wp:featuredmedia":[{"embeddable":true,"href":"https:\/\/www.radioamigavallenar.cl\/index.php?rest_route=\/wp\/v2\/media\/19682"}],"wp:attachment":[{"href":"https:\/\/www.radioamigavallenar.cl\/index.php?rest_route=%2Fwp%2Fv2%2Fmedia&parent=19681"}],"wp:term":[{"taxonomy":"category","embeddable":true,"href":"https:\/\/www.radioamigavallenar.cl\/index.php?rest_route=%2Fwp%2Fv2%2Fcategories&post=19681"},{"taxonomy":"post_tag","embeddable":true,"href":"https:\/\/www.radioamigavallenar.cl\/index.php?rest_route=%2Fwp%2Fv2%2Ftags&post=19681"}],"curies":[{"name":"wp","href":"https:\/\/api.w.org\/{rel}","templated":true}]}}