{"id":19678,"date":"2020-01-07T00:00:00","date_gmt":"2020-01-07T03:00:00","guid":{"rendered":"https:\/\/www.radioamigavallenar.cl\/?p=19678"},"modified":"2020-01-06T22:14:38","modified_gmt":"2020-01-07T01:14:38","slug":"ministro-monckeberg-destaca-rol-del-minvu-en-reactivacion-economica-y-anticipa-construccion-de-75-mil-viviendas-entre-2020-y-2021","status":"publish","type":"post","link":"https:\/\/www.radioamigavallenar.cl\/?p=19678","title":{"rendered":"Ministro Monckeberg destaca rol del Minvu en reactivaci\u00f3n econ\u00f3mica y anticipa construcci\u00f3n de 75 mil viviendas entre 2020 y 2021"},"content":{"rendered":"\n<figure class=\"wp-block-image size-large\"><img loading=\"lazy\" decoding=\"async\" width=\"800\" height=\"450\" src=\"https:\/\/www.radioamigavallenar.cl\/wp-content\/uploads\/2020\/01\/monckeberg-2-800x450-1.jpg\" alt=\"\" class=\"wp-image-19679\" srcset=\"https:\/\/www.radioamigavallenar.cl\/wp-content\/uploads\/2020\/01\/monckeberg-2-800x450-1.jpg 800w, https:\/\/www.radioamigavallenar.cl\/wp-content\/uploads\/2020\/01\/monckeberg-2-800x450-1-300x169.jpg 300w, https:\/\/www.radioamigavallenar.cl\/wp-content\/uploads\/2020\/01\/monckeberg-2-800x450-1-768x432.jpg 768w\" sizes=\"auto, (max-width: 800px) 100vw, 800px\" \/><\/figure>\n\n\n\n<p>Un an\u00e1lisis al contexto econ\u00f3mico actual, su impacto en la construcci\u00f3n de proyectos habitacionales y el rol del Ministerio de Vivienda y Urbanismo como ente reactivador, es parte de lo que incluye el estudio \u201cDesaf\u00edos del Minvu en el nuevo escenario econ\u00f3mico de Chile\u201d que dio a conocer esta ma\u00f1ana el titular de la cartera, Cristi\u00e1n Monckeberg, junto a la jefa del Centro de Estudios de Ciudad y Territorio, Paulina Henoch, donde se explica el impacto que tendr\u00e1 el presupuesto 2020 para dar un empuje a la construcci\u00f3n de viviendas y un aumento en la generaci\u00f3n empleos.<\/p>\n\n\n\n<p>En ese sentido, el ministro Monckeberg precis\u00f3 que si bien las cifras econ\u00f3micas conocidas en las \u00faltimas semanas \u2013como la ca\u00edda del IMACEC- no han sido positivas, hay otros indicadores que se mantienen en nivel normal. Sin embargo, realiz\u00f3 un llamado a que como sector y como ministerio, se debe profundizar las medidas de aceleraci\u00f3n econ\u00f3mica, especialmente considerando que 6 de cada 10 viviendas en el pa\u00eds involucran inversi\u00f3n estatal.<\/p>\n\n\n\n<p>\u201cNosotros vamos a dar certeza respecto de que hay recursos p\u00fablicos asociados a los proyectos de construcci\u00f3n de vivienda p\u00fablica y eso va a permitir que el rubro de la construcci\u00f3n pueda seguir desarroll\u00e1ndose de buena manera\u201d, dijo el ministro. \u201cEsto tiene muy positivas consecuencias, porque si en tiempos normales nosotros constru\u00edamos 53 mil viviendas en los diferentes programas habitacionales, hoy vamos a bordear las 75 mil viviendas en los a\u00f1os 2020 y 2021\u201d, a\u00f1adi\u00f3 la autoridad, recalcando que la medida generar\u00e1 45 mil nuevos puestos de trabajo.<\/p>\n\n\n\n<p>El secretario de Estado afirm\u00f3 tambi\u00e9n que el Presupuesto 2020 involucra m\u00e1s de 70 millones de UF, incluyendo recursos adicionales como medida extraordinaria, y su ejecuci\u00f3n permitir\u00e1 entregar mayores \u201ccertezas\u201d a las familias y al sector de la construcci\u00f3n, considerando un respaldo econ\u00f3mico que garantiza el aumento de unidades para diferentes programas habitacionales.<\/p>\n\n\n\n<p>Seg\u00fan la jefa del centro de estudios, Paulina Henoch, \u201ccreemos que el sector de la construcci\u00f3n es un importante reactivador, tenemos un rol contrac\u00edclico por ser parte del Estado. Y tal como se mencion\u00f3 6 de cada 10 viviendas se relacionan con alg\u00fan subsidio habitacional y las nuevas glosas que se incorporaron en la Ley de Presupuesto, esperemos que mejoren la gesti\u00f3n del desarrollo de programas, especialmente para las familias m\u00e1s vulnerables\u201d.<\/p>\n\n\n\n<h3 class=\"has-text-align-center wp-block-heading\">Nuevo Centro de Estudios de Ciudad y Territorio<\/h3>\n\n\n\n<p>Durante la presentaci\u00f3n del informe, el ministro Monckeberg present\u00f3 el Centro de Estudios de Ciudad y Territorio, unidad que estar\u00e1 enfocada en elaborar informaci\u00f3n p\u00fablica asociada al desarrollo a escalas de vivienda, barrio y ciudad.<\/p>\n\n\n\n<p>\u201cLo que busca principalmente nuestro Centro de Estudios de Ciudad y Territorio es entregar informaci\u00f3n, no s\u00f3lo al interior del Minvu, como una asesor\u00eda que ya se ven\u00eda haciendo hace bastante tiempo, sino que adem\u00e1s externalizar y hacer m\u00e1s p\u00fablica toda la informaci\u00f3n desde el Gobierno que dice relaci\u00f3n con el desarrollo de las ciudades y la construcci\u00f3n de viviendas\u201d, concluy\u00f3 el ministro.<\/p>\n\n\n\n<p>El objetivo de este centro de estudios es generar conocimiento mediante el desarrollo de estudios, encuestas y publicaciones de inter\u00e9s, para la toma de decisiones asociadas a los \u00e1mbitos habitacional y urbano.<\/p>\n","protected":false},"excerpt":{"rendered":"<p>Un an\u00e1lisis al contexto econ\u00f3mico actual, su impacto en la construcci\u00f3n de proyectos habitacionales y el rol del Ministerio de Vivienda y Urbanismo como ente&hellip; <\/p>\n","protected":false},"author":2,"featured_media":19679,"comment_status":"open","ping_status":"closed","sticky":false,"template":"","format":"standard","meta":{"footnotes":""},"categories":[37],"tags":[],"class_list":["post-19678","post","type-post","status-publish","format-standard","has-post-thumbnail","hentry","category-nacional"],"_links":{"self":[{"href":"https:\/\/www.radioamigavallenar.cl\/index.php?rest_route=\/wp\/v2\/posts\/19678","targetHints":{"allow":["GET"]}}],"collection":[{"href":"https:\/\/www.radioamigavallenar.cl\/index.php?rest_route=\/wp\/v2\/posts"}],"about":[{"href":"https:\/\/www.radioamigavallenar.cl\/index.php?rest_route=\/wp\/v2\/types\/post"}],"author":[{"embeddable":true,"href":"https:\/\/www.radioamigavallenar.cl\/index.php?rest_route=\/wp\/v2\/users\/2"}],"replies":[{"embeddable":true,"href":"https:\/\/www.radioamigavallenar.cl\/index.php?rest_route=%2Fwp%2Fv2%2Fcomments&post=19678"}],"version-history":[{"count":0,"href":"https:\/\/www.radioamigavallenar.cl\/index.php?rest_route=\/wp\/v2\/posts\/19678\/revisions"}],"wp:featuredmedia":[{"embeddable":true,"href":"https:\/\/www.radioamigavallenar.cl\/index.php?rest_route=\/wp\/v2\/media\/19679"}],"wp:attachment":[{"href":"https:\/\/www.radioamigavallenar.cl\/index.php?rest_route=%2Fwp%2Fv2%2Fmedia&parent=19678"}],"wp:term":[{"taxonomy":"category","embeddable":true,"href":"https:\/\/www.radioamigavallenar.cl\/index.php?rest_route=%2Fwp%2Fv2%2Fcategories&post=19678"},{"taxonomy":"post_tag","embeddable":true,"href":"https:\/\/www.radioamigavallenar.cl\/index.php?rest_route=%2Fwp%2Fv2%2Ftags&post=19678"}],"curies":[{"name":"wp","href":"https:\/\/api.w.org\/{rel}","templated":true}]}}