{"id":19669,"date":"2020-01-07T00:00:00","date_gmt":"2020-01-07T03:00:00","guid":{"rendered":"https:\/\/www.radioamigavallenar.cl\/?p=19669"},"modified":"2020-01-06T22:07:30","modified_gmt":"2020-01-07T01:07:30","slug":"con-alegria-y-satisfaccion-dirigentes-sociales-aprobaron-curso-de-herramientas-basicas-para-liderazgo-social","status":"publish","type":"post","link":"https:\/\/www.radioamigavallenar.cl\/?p=19669","title":{"rendered":"Con alegr\u00eda y satisfacci\u00f3n dirigentes sociales aprobaron curso de \u201cHerramientas B\u00e1sicas Para Liderazgo Social\u201d"},"content":{"rendered":"\n<figure class=\"wp-block-image size-large\"><img loading=\"lazy\" decoding=\"async\" width=\"800\" height=\"476\" src=\"https:\/\/www.radioamigavallenar.cl\/wp-content\/uploads\/2020\/01\/CURSO-SEREMI-2-800x476-1.jpg\" alt=\"\" class=\"wp-image-19670\" srcset=\"https:\/\/www.radioamigavallenar.cl\/wp-content\/uploads\/2020\/01\/CURSO-SEREMI-2-800x476-1.jpg 800w, https:\/\/www.radioamigavallenar.cl\/wp-content\/uploads\/2020\/01\/CURSO-SEREMI-2-800x476-1-300x179.jpg 300w, https:\/\/www.radioamigavallenar.cl\/wp-content\/uploads\/2020\/01\/CURSO-SEREMI-2-800x476-1-768x457.jpg 768w\" sizes=\"auto, (max-width: 800px) 100vw, 800px\" \/><\/figure>\n\n\n\n<p>Conocer y comprender la institucionalidad pol\u00edtica y administrativa del Estado chileno, y adquirir conocimiento para manejar herramientas de comunicaci\u00f3n efectiva, son los objetivos principales del \u201cCurso E-Learning de Herramientas B\u00e1sicas para el liderazgo social\u201d, que concluyeron con \u00e9xito, 45 dirigentes sociales de la regi\u00f3n de Atacama gracias al apoyo de la Divisi\u00f3n de Organizaciones (DOS) Sociales del Ministerio Secretar\u00eda General de Gobierno (Segegob).<\/p>\n\n\n\n<p>De un total de 100 inscritos, 45 lograron concluir el proceso con \u00e9xito. El curso cont\u00f3 con una gu\u00eda de estudios, una presentaci\u00f3n en formato PPT, pruebas (con preguntas de alternativas), c\u00e1psulas de contenido (clase grabada realizada por un acad\u00e9mico donde aborda los contenidos de las unidades), tutores y una clase magistral (de 3 horas dividida en dos bloques).<\/p>\n\n\n\n<p>La ceremonia fue encabezada por la Secretaria Regional Ministerial de Gobierno, Mar\u00eda Francisca Plaza Velis y cont\u00f3 con la participaci\u00f3n de Ignacio S\u00e1nchez, jefe del departamento de formaci\u00f3n y participaci\u00f3n ciudadana de la DOS; Luis Tello Gonz\u00e1lez, Coordinador nacional del proyecto E-Learning de Segegob y los secretarios regionales ministeriales de Desarrollo Social, Luis Morales; de la Mujer y la Equidad de G\u00e9nero, J\u00e9ssica G\u00f3mez; del Trabajo y Previsi\u00f3n Social, Carlos Leal y de las Culturas, el Arte y el Patrimonio, Mar\u00eda Cecilia Sim\u00fanovic.<\/p>\n\n\n\n<p>Tras concluir la certificaci\u00f3n, la Seremi de Gobierno declar\u00f3 que \u201chemos concluido la ceremonia de certificaci\u00f3n de los dirigentes sociales y del curso E-learning, que le da herramientas a nuestros dirigentes de la regi\u00f3n, en cuento a institucional pol\u00edtica y administrativa, y de comunicaciones efectivas. Son herramientas de liderazgo dirigidas a fortalecer ese trabajo incansable y que muchas veces no es pagado monetariamente. El objetivo se cumpli\u00f3. El mandatado de nuestro Presidente Sebasti\u00e1n Pi\u00f1era y de nuestra Ministra Karla Rubilar, es que estos dirigentes se sientan acompa\u00f1ados no s\u00f3lo, durante este curso, sino que en otros que se puedan realizar, ya sea de fondos concursables, de no discriminaci\u00f3n, por nombrar algunos ejemplos\u201d.<\/p>\n\n\n\n<p>Por su parte, Juan Mon\u00e1rdez, presidente de la Junta de Vecinos de Villa El Litoral, argument\u00f3 que \u201cnuevamente continuo agradeciendo a la Divisi\u00f3n de Organizaciones Sociales por la oportunidad de esta capacitaci\u00f3n. Pensaba en un principio que no iba a poder ser, porque estudiar a esta altura es dif\u00edcil. No obstante, a medida que se fue desarrollando, despert\u00f3 en m\u00ed las ganas de estudiar como cuando uno es joven. Hay tantas cosas que hacer y organizar, pero hay que empezar por la parte social. Ser dirigente nace hacerlo todos los d\u00edas\u201d.<\/p>\n\n\n\n<p>Ignacio S\u00e1nchez, jefe del departamento de formaci\u00f3n y participaci\u00f3n ciudadana de la DOS del Ministerio Secretar\u00eda General de Gobierno, viaj\u00f3 desde Santiago para constatar el avance de los dirigentes y para estar en la ceremonia. \u201cAcabamos de finalizar una excelente jornada de certificaci\u00f3n del curso E-Learning, que es una plataforma de herramientas b\u00e1sicas de liderazgo que implementamos desde el ministerio Secretar\u00eda General De Gobierno, con la Universidad de Chile, en la cual los dirigentes se pudieron capacitar cerca de tres meses en temas del Estado, en formulaci\u00f3n de proyectos, con destacados acad\u00e9micos de la Universidad de Chile. Esperamos seguir fortaleciendo a la sociedad civil\u201d.<\/p>\n\n\n\n<p>Para concluir, Luis Tello Gonz\u00e1lez, coordinador nacional del proyecto E-Learning, del Ministerio Secretar\u00eda General de Gobierno, dijo que \u201cestamos participando en la entrega de diplomas de reconocimiento de m\u00e1s de 40 dirigentes sociales de esta hermosa regi\u00f3n, dividida en sus tres provincias y subdivididas en sus nueve comunas. Hoy d\u00eda en nombre del Subsecretario Emardo Hantelmann y de la Ministra Karla Rubilar estamos presenciando esta ceremonia acompa\u00f1ada de un coctel donde estamos acompa\u00f1ando a nuestros dirigentes sociales, que por cierto, hoy fueron parte de este proceso de aprobaci\u00f3n del curso de herramientas b\u00e1sicas para liderazgo social. Los invitamos a seguir\u00e1 trabajando con los futuros cursos\u201d.<\/p>\n","protected":false},"excerpt":{"rendered":"<p>Conocer y comprender la institucionalidad pol\u00edtica y administrativa del Estado chileno, y adquirir conocimiento para manejar herramientas de comunicaci\u00f3n efectiva, son los objetivos principales del&hellip; <\/p>\n","protected":false},"author":2,"featured_media":19670,"comment_status":"open","ping_status":"closed","sticky":false,"template":"","format":"standard","meta":{"footnotes":""},"categories":[7],"tags":[],"class_list":["post-19669","post","type-post","status-publish","format-standard","has-post-thumbnail","hentry","category-atacama"],"_links":{"self":[{"href":"https:\/\/www.radioamigavallenar.cl\/index.php?rest_route=\/wp\/v2\/posts\/19669","targetHints":{"allow":["GET"]}}],"collection":[{"href":"https:\/\/www.radioamigavallenar.cl\/index.php?rest_route=\/wp\/v2\/posts"}],"about":[{"href":"https:\/\/www.radioamigavallenar.cl\/index.php?rest_route=\/wp\/v2\/types\/post"}],"author":[{"embeddable":true,"href":"https:\/\/www.radioamigavallenar.cl\/index.php?rest_route=\/wp\/v2\/users\/2"}],"replies":[{"embeddable":true,"href":"https:\/\/www.radioamigavallenar.cl\/index.php?rest_route=%2Fwp%2Fv2%2Fcomments&post=19669"}],"version-history":[{"count":0,"href":"https:\/\/www.radioamigavallenar.cl\/index.php?rest_route=\/wp\/v2\/posts\/19669\/revisions"}],"wp:featuredmedia":[{"embeddable":true,"href":"https:\/\/www.radioamigavallenar.cl\/index.php?rest_route=\/wp\/v2\/media\/19670"}],"wp:attachment":[{"href":"https:\/\/www.radioamigavallenar.cl\/index.php?rest_route=%2Fwp%2Fv2%2Fmedia&parent=19669"}],"wp:term":[{"taxonomy":"category","embeddable":true,"href":"https:\/\/www.radioamigavallenar.cl\/index.php?rest_route=%2Fwp%2Fv2%2Fcategories&post=19669"},{"taxonomy":"post_tag","embeddable":true,"href":"https:\/\/www.radioamigavallenar.cl\/index.php?rest_route=%2Fwp%2Fv2%2Ftags&post=19669"}],"curies":[{"name":"wp","href":"https:\/\/api.w.org\/{rel}","templated":true}]}}