{"id":19661,"date":"2020-01-07T00:00:00","date_gmt":"2020-01-07T03:00:00","guid":{"rendered":"https:\/\/www.radioamigavallenar.cl\/?p=19661"},"modified":"2020-01-06T22:01:37","modified_gmt":"2020-01-07T01:01:37","slug":"400-adultos-mayores-de-atacama-han-participado-de-dialogos-ciudadanos","status":"publish","type":"post","link":"https:\/\/www.radioamigavallenar.cl\/?p=19661","title":{"rendered":"400 adultos mayores de Atacama han participado de di\u00e1logos ciudadanos"},"content":{"rendered":"\n<figure class=\"wp-block-image size-large\"><img loading=\"lazy\" decoding=\"async\" width=\"750\" height=\"400\" src=\"https:\/\/www.radioamigavallenar.cl\/wp-content\/uploads\/2020\/01\/qqqd.jpg\" alt=\"\" class=\"wp-image-19662\" srcset=\"https:\/\/www.radioamigavallenar.cl\/wp-content\/uploads\/2020\/01\/qqqd.jpg 750w, https:\/\/www.radioamigavallenar.cl\/wp-content\/uploads\/2020\/01\/qqqd-300x160.jpg 300w\" sizes=\"auto, (max-width: 750px) 100vw, 750px\" \/><\/figure>\n\n\n\n<p>Desde Senama informan que los adultos mayores con gran inter\u00e9s y una potente participaci\u00f3n durante diciembre presentaron las distintas demandas que necesitan se resuelvan para contribuir a el Chile que queremos todos, donde adem\u00e1s aportaron con propuestas concretas en beneficio de la regi\u00f3n y el pa\u00eds.<\/p>\n\n\n\n<p>En este contexto, Luis Morales, seremi de Desarrollo Social y Familia, sostuvo que \u201cel objetivo de los di\u00e1logos ciudadanos apuntan a poder crear un mayor flujo de informaci\u00f3n y comunicaci\u00f3n entre la sociedad civil y gubernamental, de manera que podamos ir respondiendo con resultados concretos a las discusiones que se han generado en los diferentes grupos etarios. Para el Presidente Sebasti\u00e1n Pi\u00f1era es sumamente importante reconstruir las pol\u00edticas p\u00fablicas, generando diagn\u00f3sticos y objetivos al corto y mediano plazo para un Chile con mayores oportunidades\u201d<\/p>\n\n\n\n<p>Los adultos mayores que han participado en los di\u00e1logos ciudadanos dentro de las nueve comunas que conforman la regi\u00f3n de Atacama, han resaltado que esta iniciativa les ha sido muy c\u00f3moda porque no solo dialogan respecto a la contingencia social y como se han sentido emocionalmente con ello, sino que, adem\u00e1s exponen soluciones concretas junto a sus pares.<\/p>\n\n\n\n<p>Respecto al importante despliegue de SENAMA en Atacama la Coordinadora regional Ada Bassi enfatiz\u00f3 \u201cEs de vital importancia la visi\u00f3n y opini\u00f3n de las personas mayores de nuestro pa\u00eds, quienes por mayor tiempo han vivido las distintas desigualdades que hoy est\u00e1n buscando ser resueltas mediante una potente nueva agenda social impulsada por el presidente Pi\u00f1era, la cual tiene un foco de crear mediante los di\u00e1logos una mirada colectiva respecto de hacia d\u00f3nde queremos que vaya Chile, y por supuesto para SENAMA es fundamental que las futuras pol\u00edticas p\u00fablicas incorporen la opini\u00f3n de quienes han construido nuestro pa\u00eds y se aperturen en sus distintas l\u00edneas a permitir que cada persona mayor tenga un envejecer digno\u201d<\/p>\n\n\n\n<p>A trav\u00e9s de esta iniciativa, el gobierno busca abrir un proceso de escucha activo que genere una hoja de ruta para la nueva agenda social, centrada en la participaci\u00f3n ciudadana. Para ello se cuenta con la plataforma web&nbsp;<a href=\"http:\/\/www.chilequequeremos.cl\/\">www.chilequequeremos.cl<\/a>&nbsp;donde los ciudadanos que hayan realizado un di\u00e1logo y tengan registro de este, pueden subirlo. Y para los adultos mayores que no cuentan con alfabetizaci\u00f3n digital, SENAMA Atacama, brindar\u00e1 apoyo hasta el 01 de febrero para subir las actas al sistema desde sus dependencias.<\/p>\n","protected":false},"excerpt":{"rendered":"<p>Desde Senama informan que los adultos mayores con gran inter\u00e9s y una potente participaci\u00f3n durante diciembre presentaron las distintas demandas que necesitan se resuelvan para&hellip; <\/p>\n","protected":false},"author":2,"featured_media":19662,"comment_status":"open","ping_status":"closed","sticky":false,"template":"","format":"standard","meta":{"footnotes":""},"categories":[7],"tags":[],"class_list":["post-19661","post","type-post","status-publish","format-standard","has-post-thumbnail","hentry","category-atacama"],"_links":{"self":[{"href":"https:\/\/www.radioamigavallenar.cl\/index.php?rest_route=\/wp\/v2\/posts\/19661","targetHints":{"allow":["GET"]}}],"collection":[{"href":"https:\/\/www.radioamigavallenar.cl\/index.php?rest_route=\/wp\/v2\/posts"}],"about":[{"href":"https:\/\/www.radioamigavallenar.cl\/index.php?rest_route=\/wp\/v2\/types\/post"}],"author":[{"embeddable":true,"href":"https:\/\/www.radioamigavallenar.cl\/index.php?rest_route=\/wp\/v2\/users\/2"}],"replies":[{"embeddable":true,"href":"https:\/\/www.radioamigavallenar.cl\/index.php?rest_route=%2Fwp%2Fv2%2Fcomments&post=19661"}],"version-history":[{"count":0,"href":"https:\/\/www.radioamigavallenar.cl\/index.php?rest_route=\/wp\/v2\/posts\/19661\/revisions"}],"wp:featuredmedia":[{"embeddable":true,"href":"https:\/\/www.radioamigavallenar.cl\/index.php?rest_route=\/wp\/v2\/media\/19662"}],"wp:attachment":[{"href":"https:\/\/www.radioamigavallenar.cl\/index.php?rest_route=%2Fwp%2Fv2%2Fmedia&parent=19661"}],"wp:term":[{"taxonomy":"category","embeddable":true,"href":"https:\/\/www.radioamigavallenar.cl\/index.php?rest_route=%2Fwp%2Fv2%2Fcategories&post=19661"},{"taxonomy":"post_tag","embeddable":true,"href":"https:\/\/www.radioamigavallenar.cl\/index.php?rest_route=%2Fwp%2Fv2%2Ftags&post=19661"}],"curies":[{"name":"wp","href":"https:\/\/api.w.org\/{rel}","templated":true}]}}