{"id":19658,"date":"2020-01-07T00:00:00","date_gmt":"2020-01-07T03:00:00","guid":{"rendered":"https:\/\/www.radioamigavallenar.cl\/?p=19658"},"modified":"2020-01-06T22:00:19","modified_gmt":"2020-01-07T01:00:19","slug":"boicot-a-psu-cruch-asegura-que-ningun-estudiante-afectado-quedara-sin-derecho-de-rendir-la-prueba","status":"publish","type":"post","link":"https:\/\/www.radioamigavallenar.cl\/?p=19658","title":{"rendered":"Boicot a PSU: Cruch asegura que ning\u00fan estudiante afectado quedar\u00e1 sin derecho de rendir la prueba"},"content":{"rendered":"\n<figure class=\"wp-block-image size-large\"><img loading=\"lazy\" decoding=\"async\" width=\"750\" height=\"400\" src=\"https:\/\/www.radioamigavallenar.cl\/wp-content\/uploads\/2020\/01\/psu-1.jpg\" alt=\"\" class=\"wp-image-19659\" srcset=\"https:\/\/www.radioamigavallenar.cl\/wp-content\/uploads\/2020\/01\/psu-1.jpg 750w, https:\/\/www.radioamigavallenar.cl\/wp-content\/uploads\/2020\/01\/psu-1-300x160.jpg 300w\" sizes=\"auto, (max-width: 750px) 100vw, 750px\" \/><\/figure>\n\n\n\n<p>La ma\u00f1ana de ayer lunes el presidente del\u00a0Consejo de Rectores de las Universidades Chilenas, Cruch, Aldo Valle, se refiri\u00f3 a los incidentes registrados en el marco de la accidentada rendici\u00f3n de la\u00a0Prueba de Selecci\u00f3n Universitaria, PSU.<\/p>\n\n\n\n<p>En un punto de prensa, Valle\u00a0<strong>c<\/strong>onfirm\u00f3 que han existido problemas en diversos locales de rendici\u00f3n\u00a0a lo largo del pa\u00eds, los que en algunos casos han obligado a retrasar o suspender la prueba.<\/p>\n\n\n\n<p>Si bien a\u00fan no hay un cifras claras de los colegios afectados, Valle afirm\u00f3 que se trata de un porcentaje menor, de los 659 locales habilitados para dar la PSU.<\/p>\n\n\n\n<p>Pese a esto fue enf\u00e1tico en se\u00f1alar que los estudiantes que se han visto afectados por estos incidentes, de todas maneras\u00a0tendr\u00e1n la oportunidad de ser parte del proceso de admisi\u00f3n, aunque sostuvo que lo anterior puede significar el retraso en el inicio de la prueba, cambio de horario, ocasi\u00f3n o local de rendici\u00f3n.<\/p>\n\n\n\n<p>De esta forma, Aldo Valle llam\u00f3 a las familias a la tranquilidad y garantiz\u00f3 que\u00a0ning\u00fan estudiante quedar\u00e1 sin el derecho de rendir la PSU.<\/p>\n","protected":false},"excerpt":{"rendered":"<p>La ma\u00f1ana de ayer lunes el presidente del\u00a0Consejo de Rectores de las Universidades Chilenas, Cruch, Aldo Valle, se refiri\u00f3 a los incidentes registrados en el&hellip; <\/p>\n","protected":false},"author":2,"featured_media":19659,"comment_status":"open","ping_status":"closed","sticky":false,"template":"","format":"standard","meta":{"footnotes":""},"categories":[37],"tags":[],"class_list":["post-19658","post","type-post","status-publish","format-standard","has-post-thumbnail","hentry","category-nacional"],"_links":{"self":[{"href":"https:\/\/www.radioamigavallenar.cl\/index.php?rest_route=\/wp\/v2\/posts\/19658","targetHints":{"allow":["GET"]}}],"collection":[{"href":"https:\/\/www.radioamigavallenar.cl\/index.php?rest_route=\/wp\/v2\/posts"}],"about":[{"href":"https:\/\/www.radioamigavallenar.cl\/index.php?rest_route=\/wp\/v2\/types\/post"}],"author":[{"embeddable":true,"href":"https:\/\/www.radioamigavallenar.cl\/index.php?rest_route=\/wp\/v2\/users\/2"}],"replies":[{"embeddable":true,"href":"https:\/\/www.radioamigavallenar.cl\/index.php?rest_route=%2Fwp%2Fv2%2Fcomments&post=19658"}],"version-history":[{"count":0,"href":"https:\/\/www.radioamigavallenar.cl\/index.php?rest_route=\/wp\/v2\/posts\/19658\/revisions"}],"wp:featuredmedia":[{"embeddable":true,"href":"https:\/\/www.radioamigavallenar.cl\/index.php?rest_route=\/wp\/v2\/media\/19659"}],"wp:attachment":[{"href":"https:\/\/www.radioamigavallenar.cl\/index.php?rest_route=%2Fwp%2Fv2%2Fmedia&parent=19658"}],"wp:term":[{"taxonomy":"category","embeddable":true,"href":"https:\/\/www.radioamigavallenar.cl\/index.php?rest_route=%2Fwp%2Fv2%2Fcategories&post=19658"},{"taxonomy":"post_tag","embeddable":true,"href":"https:\/\/www.radioamigavallenar.cl\/index.php?rest_route=%2Fwp%2Fv2%2Ftags&post=19658"}],"curies":[{"name":"wp","href":"https:\/\/api.w.org\/{rel}","templated":true}]}}