{"id":19655,"date":"2020-01-07T00:00:00","date_gmt":"2020-01-07T03:00:00","guid":{"rendered":"https:\/\/www.radioamigavallenar.cl\/?p=19655"},"modified":"2020-01-06T21:58:44","modified_gmt":"2020-01-07T00:58:44","slug":"chile-vamos-logra-acuerdo-sobre-paridad-de-genero-y-pueblos-originarios-en-proceso-constituyente","status":"publish","type":"post","link":"https:\/\/www.radioamigavallenar.cl\/?p=19655","title":{"rendered":"Chile Vamos logra acuerdo sobre paridad de g\u00e9nero y pueblos originarios en proceso constituyente"},"content":{"rendered":"\n<figure class=\"wp-block-image size-large\"><img loading=\"lazy\" decoding=\"async\" width=\"750\" height=\"400\" src=\"https:\/\/www.radioamigavallenar.cl\/wp-content\/uploads\/2020\/01\/cv.jpg\" alt=\"\" class=\"wp-image-19656\" srcset=\"https:\/\/www.radioamigavallenar.cl\/wp-content\/uploads\/2020\/01\/cv.jpg 750w, https:\/\/www.radioamigavallenar.cl\/wp-content\/uploads\/2020\/01\/cv-300x160.jpg 300w\" sizes=\"auto, (max-width: 750px) 100vw, 750px\" \/><\/figure>\n\n\n\n<p>Aparentemente hay acuerdo en los senadores de\u00a0Chile Vamos\u00a0para la f\u00f3rmula de correcci\u00f3n que pretenden impulsar en la C\u00e1mara Alta para asegurar que exista paridad de g\u00e9nero en una hipot\u00e9tica convenci\u00f3n constitucional.<\/p>\n\n\n\n<p>La noche del domingo se reunieron los presidentes de partidos oficialistas y parlamentarios en la casa de\u00a0Sebasti\u00e1n Pi\u00f1era, ocasi\u00f3n en la que se decidi\u00f3 optar por un sistema de listas cerradas por distritos, en donde hombres y mujeres alternar\u00edan al tope de las listas para lograr efectivamente la paridad.<\/p>\n\n\n\n<p>El senador de Renovaci\u00f3n Nacional,\u00a0Rodrigo Galilea, quien estuvo presente en el hogar del mandatario, entreg\u00f3 las razones por las cuales terminaron optando por el m\u00e9todo de listas.<\/p>\n\n\n\n<p>\u201cNos pareci\u00f3 que lo que mejor armonizaba todas estas inquietudes, tanto de paridad, reconocer la validez del voto de cada uno de los chilenos, como tambi\u00e9n reconocer y dar importancia a la preparaci\u00f3n de los eventuales constituyentes, es el de las listas cerradas por partido por distrito, que se van a ir alternando en el encabezamiento de mujeres en cada distrito y por cada partido, para que as\u00ed finalmente se de casi el 50 y 50 entre hombres y mujeres\u201d, sostuvo.<\/p>\n\n\n\n<p>De esta manera, se dej\u00f3 de lado el sistema de doble papeleta, el cual habr\u00eda ofrecido dos listas, una de hombres y otras de mujeres, para buscar la paridad. Dentro de otras razones, se argument\u00f3 que esta podr\u00eda propiciar la cantidad de votos nulos.<\/p>\n\n\n\n<p>Ahora el oficialismo deber\u00e1 negociar con la oposici\u00f3n, considerando que en la C\u00e1mara se aprob\u00f3 un sistema de paridad con votos de diputados de Renovaci\u00f3n Nacional y la UDI. De hecho, la oposici\u00f3n solo necesita dos votos para despachar lo aprobado por la C\u00e1mara Baja.<\/p>\n\n\n\n<p>Ante este escenario, la senadora de la UDI,\u00a0Ena von Baer, espera que desde los partidos de la ex Nueva Mayor\u00eda y el Frente Amplio haya disposici\u00f3n a escuchar los argumentos que ofrecer\u00e1n.<\/p>\n\n\n\n<p>Desde las 12:00 horas comenz\u00f3 a revisarse el proyecto en la comisi\u00f3n de Constituci\u00f3n del Senado. Su presidente,<strong>\u00a0<\/strong>Felipe Harboe<strong>\u00a0<\/strong>(PPD), se\u00f1al\u00f3 que m\u00e1s que preocuparse por la f\u00f3rmula, lo m\u00e1s importante es garantizar la paridad.<\/p>\n\n\n\n<p>En cuanto a los pueblos originarios, se impulsar\u00e1 una f\u00f3rmula basada en el\u00a0modelo neozeland\u00e9s, es decir, se tomar\u00e1 el padr\u00f3n existente de la Corporaci\u00f3n Nacional de Desarrollo Ind\u00edgena (Conadi), y quien quiera participar deber\u00e1 hacer el tr\u00e1mite en el Servicio Electoral (Servel) para participar en una lista paralela.<\/p>\n\n\n\n<p>Dependiendo de los resultados, se calcular\u00eda la proporci\u00f3n de los votos obtenidos a nivel nacional y as\u00ed se establecer\u00edan los esca\u00f1os. En tanto, con los independientes se mantiene lo que se aprob\u00f3 en la C\u00e1mara.<\/p>\n","protected":false},"excerpt":{"rendered":"<p>Aparentemente hay acuerdo en los senadores de\u00a0Chile Vamos\u00a0para la f\u00f3rmula de correcci\u00f3n que pretenden impulsar en la C\u00e1mara Alta para asegurar que exista paridad de&hellip; <\/p>\n","protected":false},"author":2,"featured_media":19656,"comment_status":"open","ping_status":"closed","sticky":false,"template":"","format":"standard","meta":{"footnotes":""},"categories":[37],"tags":[],"class_list":["post-19655","post","type-post","status-publish","format-standard","has-post-thumbnail","hentry","category-nacional"],"_links":{"self":[{"href":"https:\/\/www.radioamigavallenar.cl\/index.php?rest_route=\/wp\/v2\/posts\/19655","targetHints":{"allow":["GET"]}}],"collection":[{"href":"https:\/\/www.radioamigavallenar.cl\/index.php?rest_route=\/wp\/v2\/posts"}],"about":[{"href":"https:\/\/www.radioamigavallenar.cl\/index.php?rest_route=\/wp\/v2\/types\/post"}],"author":[{"embeddable":true,"href":"https:\/\/www.radioamigavallenar.cl\/index.php?rest_route=\/wp\/v2\/users\/2"}],"replies":[{"embeddable":true,"href":"https:\/\/www.radioamigavallenar.cl\/index.php?rest_route=%2Fwp%2Fv2%2Fcomments&post=19655"}],"version-history":[{"count":0,"href":"https:\/\/www.radioamigavallenar.cl\/index.php?rest_route=\/wp\/v2\/posts\/19655\/revisions"}],"wp:featuredmedia":[{"embeddable":true,"href":"https:\/\/www.radioamigavallenar.cl\/index.php?rest_route=\/wp\/v2\/media\/19656"}],"wp:attachment":[{"href":"https:\/\/www.radioamigavallenar.cl\/index.php?rest_route=%2Fwp%2Fv2%2Fmedia&parent=19655"}],"wp:term":[{"taxonomy":"category","embeddable":true,"href":"https:\/\/www.radioamigavallenar.cl\/index.php?rest_route=%2Fwp%2Fv2%2Fcategories&post=19655"},{"taxonomy":"post_tag","embeddable":true,"href":"https:\/\/www.radioamigavallenar.cl\/index.php?rest_route=%2Fwp%2Fv2%2Ftags&post=19655"}],"curies":[{"name":"wp","href":"https:\/\/api.w.org\/{rel}","templated":true}]}}