{"id":19652,"date":"2020-01-07T00:00:00","date_gmt":"2020-01-07T03:00:00","guid":{"rendered":"https:\/\/www.radioamigavallenar.cl\/?p=19652"},"modified":"2020-01-06T21:56:01","modified_gmt":"2020-01-07T00:56:01","slug":"volcamiento-de-vehiculo-menor-deja-dos-personas-lesionadas-en-salida-norte-de-copiapo","status":"publish","type":"post","link":"https:\/\/www.radioamigavallenar.cl\/?p=19652","title":{"rendered":"Volcamiento de veh\u00edculo menor deja dos personas lesionadas en salida norte de Copiap\u00f3"},"content":{"rendered":"\n<figure class=\"wp-block-image size-large\"><img loading=\"lazy\" decoding=\"async\" width=\"1024\" height=\"576\" src=\"https:\/\/www.radioamigavallenar.cl\/wp-content\/uploads\/2020\/01\/PHOTO-2020-01-06-16-22-35-1024x576.jpg\" alt=\"\" class=\"wp-image-19653\" srcset=\"https:\/\/www.radioamigavallenar.cl\/wp-content\/uploads\/2020\/01\/PHOTO-2020-01-06-16-22-35-1024x576.jpg 1024w, https:\/\/www.radioamigavallenar.cl\/wp-content\/uploads\/2020\/01\/PHOTO-2020-01-06-16-22-35-300x169.jpg 300w, https:\/\/www.radioamigavallenar.cl\/wp-content\/uploads\/2020\/01\/PHOTO-2020-01-06-16-22-35-768x432.jpg 768w, https:\/\/www.radioamigavallenar.cl\/wp-content\/uploads\/2020\/01\/PHOTO-2020-01-06-16-22-35.jpg 1280w\" sizes=\"auto, (max-width: 1024px) 100vw, 1024px\" \/><\/figure>\n\n\n\n<p>Accidente se registr\u00f3 la tarde de ayer lunes en Bypass Toledo salida norte de la capital regional.<\/p>\n\n\n\n<p>Seg\u00fan antecedentes mientras un veh\u00edculo menor se desplazaba por la ruta 5 Norte altura del Bypass Toledo por motivos que arrojar\u00e1 la investigaci\u00f3n,&nbsp; el conductor perdi\u00f3 el control del m\u00f3vil volcando a un costado de la ruta.<\/p>\n\n\n\n<p>A ra\u00edz del accidente se conoci\u00f3 de dos personas lesionadas de diversa consideraci\u00f3n, las que fueron atendidas en primera instancia por bomberos y equipo SAMU del hospital regional San Jos\u00e9 del Carmen de Copiap\u00f3 en el sitio del suceso.<\/p>\n\n\n\n<p>Al lugar llegaron unidades de emergencia de bomberos , equipo SAMU y carabineros.&nbsp; &nbsp;Los lesionados fueron trasladados al centro asistencial de la capital regional y carabineros se aboc\u00f3 a recabar antecedentes para establecer causa basal del accidente.<\/p>\n","protected":false},"excerpt":{"rendered":"<p>Accidente se registr\u00f3 la tarde de ayer lunes en Bypass Toledo salida norte de la capital regional. Seg\u00fan antecedentes mientras un veh\u00edculo menor se desplazaba&hellip; <\/p>\n","protected":false},"author":2,"featured_media":19653,"comment_status":"open","ping_status":"closed","sticky":false,"template":"","format":"standard","meta":{"footnotes":""},"categories":[7],"tags":[],"class_list":["post-19652","post","type-post","status-publish","format-standard","has-post-thumbnail","hentry","category-atacama"],"_links":{"self":[{"href":"https:\/\/www.radioamigavallenar.cl\/index.php?rest_route=\/wp\/v2\/posts\/19652","targetHints":{"allow":["GET"]}}],"collection":[{"href":"https:\/\/www.radioamigavallenar.cl\/index.php?rest_route=\/wp\/v2\/posts"}],"about":[{"href":"https:\/\/www.radioamigavallenar.cl\/index.php?rest_route=\/wp\/v2\/types\/post"}],"author":[{"embeddable":true,"href":"https:\/\/www.radioamigavallenar.cl\/index.php?rest_route=\/wp\/v2\/users\/2"}],"replies":[{"embeddable":true,"href":"https:\/\/www.radioamigavallenar.cl\/index.php?rest_route=%2Fwp%2Fv2%2Fcomments&post=19652"}],"version-history":[{"count":0,"href":"https:\/\/www.radioamigavallenar.cl\/index.php?rest_route=\/wp\/v2\/posts\/19652\/revisions"}],"wp:featuredmedia":[{"embeddable":true,"href":"https:\/\/www.radioamigavallenar.cl\/index.php?rest_route=\/wp\/v2\/media\/19653"}],"wp:attachment":[{"href":"https:\/\/www.radioamigavallenar.cl\/index.php?rest_route=%2Fwp%2Fv2%2Fmedia&parent=19652"}],"wp:term":[{"taxonomy":"category","embeddable":true,"href":"https:\/\/www.radioamigavallenar.cl\/index.php?rest_route=%2Fwp%2Fv2%2Fcategories&post=19652"},{"taxonomy":"post_tag","embeddable":true,"href":"https:\/\/www.radioamigavallenar.cl\/index.php?rest_route=%2Fwp%2Fv2%2Ftags&post=19652"}],"curies":[{"name":"wp","href":"https:\/\/api.w.org\/{rel}","templated":true}]}}