{"id":19649,"date":"2020-01-07T00:01:00","date_gmt":"2020-01-07T03:01:00","guid":{"rendered":"https:\/\/www.radioamigavallenar.cl\/?p=19649"},"modified":"2020-01-06T21:53:23","modified_gmt":"2020-01-07T00:53:23","slug":"pdi-detiene-a-hermanos-por-microtrafico-en-vallenar","status":"publish","type":"post","link":"https:\/\/www.radioamigavallenar.cl\/?p=19649","title":{"rendered":"PDI detiene a hermanos por microtr\u00e1fico en Vallenar"},"content":{"rendered":"\n<figure class=\"wp-block-image size-large\"><img loading=\"lazy\" decoding=\"async\" width=\"1024\" height=\"578\" src=\"https:\/\/www.radioamigavallenar.cl\/wp-content\/uploads\/2020\/01\/WhatsApp-Image-2020-01-06-at-16.24.22-1024x578.jpeg\" alt=\"\" class=\"wp-image-19650\" srcset=\"https:\/\/www.radioamigavallenar.cl\/wp-content\/uploads\/2020\/01\/WhatsApp-Image-2020-01-06-at-16.24.22-1024x578.jpeg 1024w, https:\/\/www.radioamigavallenar.cl\/wp-content\/uploads\/2020\/01\/WhatsApp-Image-2020-01-06-at-16.24.22-300x169.jpeg 300w, https:\/\/www.radioamigavallenar.cl\/wp-content\/uploads\/2020\/01\/WhatsApp-Image-2020-01-06-at-16.24.22-768x433.jpeg 768w, https:\/\/www.radioamigavallenar.cl\/wp-content\/uploads\/2020\/01\/WhatsApp-Image-2020-01-06-at-16.24.22.jpeg 1280w\" sizes=\"auto, (max-width: 1024px) 100vw, 1024px\" \/><\/figure>\n\n\n\n<p>Detectives del Grupo Microtr\u00e1fico Cero de la Bicrim de Vallenar, detuvieron a dos hermanos, chilenos, mayores de edad por el delito flagrante de Infracci\u00f3n a la Ley de Drogas.<\/p>\n\n\n\n<p>Luego de una investigaci\u00f3n llevada a cabo por los detectives especializados en el \u00e1rea de droga, establecieron que en un inmueble ubicado en la poblaci\u00f3n Rafael Torreblanca comercializaban sustancias il\u00edcitas, lo anterior a trav\u00e9s de distintas t\u00e9cnicas investigativas facultadas en la Ley de Drogas.<\/p>\n\n\n\n<p>Por lo anterior, los oficiales policiales solicitaron la orden de entrada y registro al domicilio investigado encontrando 29 dosis de droga entre Coca\u00edna Base y Clorhidrato de Coca\u00edna avaluadas en $152.600 pesos, se incaut\u00f3 adem\u00e1s $80.000 pesos en dinero en efectivo de distinta denominaci\u00f3n y elementos utilizados para la dosificaci\u00f3n de las sustancias.<\/p>\n\n\n\n<p>Ambos detenidos fueron puestos a disposici\u00f3n del Juzgado de Garant\u00eda de Vallenar para el control de detenci\u00f3n respectivo.<\/p>\n","protected":false},"excerpt":{"rendered":"<p>Detectives del Grupo Microtr\u00e1fico Cero de la Bicrim de Vallenar, detuvieron a dos hermanos, chilenos, mayores de edad por el delito flagrante de Infracci\u00f3n a&hellip; <\/p>\n","protected":false},"author":2,"featured_media":19650,"comment_status":"open","ping_status":"closed","sticky":false,"template":"","format":"standard","meta":{"footnotes":""},"categories":[6,1,2],"tags":[],"class_list":["post-19649","post","type-post","status-publish","format-standard","has-post-thumbnail","hentry","category-policial","category-provincia-del-huasco-2","category-vallenar"],"_links":{"self":[{"href":"https:\/\/www.radioamigavallenar.cl\/index.php?rest_route=\/wp\/v2\/posts\/19649","targetHints":{"allow":["GET"]}}],"collection":[{"href":"https:\/\/www.radioamigavallenar.cl\/index.php?rest_route=\/wp\/v2\/posts"}],"about":[{"href":"https:\/\/www.radioamigavallenar.cl\/index.php?rest_route=\/wp\/v2\/types\/post"}],"author":[{"embeddable":true,"href":"https:\/\/www.radioamigavallenar.cl\/index.php?rest_route=\/wp\/v2\/users\/2"}],"replies":[{"embeddable":true,"href":"https:\/\/www.radioamigavallenar.cl\/index.php?rest_route=%2Fwp%2Fv2%2Fcomments&post=19649"}],"version-history":[{"count":0,"href":"https:\/\/www.radioamigavallenar.cl\/index.php?rest_route=\/wp\/v2\/posts\/19649\/revisions"}],"wp:featuredmedia":[{"embeddable":true,"href":"https:\/\/www.radioamigavallenar.cl\/index.php?rest_route=\/wp\/v2\/media\/19650"}],"wp:attachment":[{"href":"https:\/\/www.radioamigavallenar.cl\/index.php?rest_route=%2Fwp%2Fv2%2Fmedia&parent=19649"}],"wp:term":[{"taxonomy":"category","embeddable":true,"href":"https:\/\/www.radioamigavallenar.cl\/index.php?rest_route=%2Fwp%2Fv2%2Fcategories&post=19649"},{"taxonomy":"post_tag","embeddable":true,"href":"https:\/\/www.radioamigavallenar.cl\/index.php?rest_route=%2Fwp%2Fv2%2Ftags&post=19649"}],"curies":[{"name":"wp","href":"https:\/\/api.w.org\/{rel}","templated":true}]}}