{"id":19637,"date":"2020-01-06T12:04:59","date_gmt":"2020-01-06T15:04:59","guid":{"rendered":"https:\/\/www.radioamigavallenar.cl\/?p=19637"},"modified":"2020-01-06T13:16:18","modified_gmt":"2020-01-06T16:16:18","slug":"con-la-entrega-de-reconocimientos-a-personas-destacadas-de-la-comuna-vallenar-celebro-los-213-anos-de-su-fundacion","status":"publish","type":"post","link":"https:\/\/www.radioamigavallenar.cl\/?p=19637","title":{"rendered":"Con la entrega de reconocimientos a personas destacadas de la comuna, Vallenar celebr\u00f3 los 231 a\u00f1os de su Fundaci\u00f3n."},"content":{"rendered":"\n<figure class=\"wp-block-gallery columns-3 is-cropped wp-block-gallery-1 is-layout-flex wp-block-gallery-is-layout-flex\"><ul class=\"blocks-gallery-grid\"><li class=\"blocks-gallery-item\"><figure><img loading=\"lazy\" decoding=\"async\" width=\"1024\" height=\"684\" src=\"https:\/\/www.radioamigavallenar.cl\/wp-content\/uploads\/2020\/01\/DSC_0875-1024x684.jpg\" alt=\"\" data-id=\"19638\" data-full-url=\"https:\/\/www.radioamigavallenar.cl\/wp-content\/uploads\/2020\/01\/DSC_0875-scaled.jpg\" data-link=\"https:\/\/www.radioamigavallenar.cl\/?attachment_id=19638\" class=\"wp-image-19638\" srcset=\"https:\/\/www.radioamigavallenar.cl\/wp-content\/uploads\/2020\/01\/DSC_0875-1024x684.jpg 1024w, https:\/\/www.radioamigavallenar.cl\/wp-content\/uploads\/2020\/01\/DSC_0875-300x201.jpg 300w, https:\/\/www.radioamigavallenar.cl\/wp-content\/uploads\/2020\/01\/DSC_0875-768x513.jpg 768w, https:\/\/www.radioamigavallenar.cl\/wp-content\/uploads\/2020\/01\/DSC_0875-1536x1027.jpg 1536w, https:\/\/www.radioamigavallenar.cl\/wp-content\/uploads\/2020\/01\/DSC_0875-2048x1369.jpg 2048w\" sizes=\"auto, (max-width: 1024px) 100vw, 1024px\" \/><\/figure><\/li><li class=\"blocks-gallery-item\"><figure><img loading=\"lazy\" decoding=\"async\" width=\"1024\" height=\"684\" src=\"https:\/\/www.radioamigavallenar.cl\/wp-content\/uploads\/2020\/01\/DSC_0884-1024x684.jpg\" alt=\"\" data-id=\"19639\" data-full-url=\"https:\/\/www.radioamigavallenar.cl\/wp-content\/uploads\/2020\/01\/DSC_0884-scaled.jpg\" data-link=\"https:\/\/www.radioamigavallenar.cl\/?attachment_id=19639\" class=\"wp-image-19639\" srcset=\"https:\/\/www.radioamigavallenar.cl\/wp-content\/uploads\/2020\/01\/DSC_0884-1024x684.jpg 1024w, https:\/\/www.radioamigavallenar.cl\/wp-content\/uploads\/2020\/01\/DSC_0884-300x201.jpg 300w, https:\/\/www.radioamigavallenar.cl\/wp-content\/uploads\/2020\/01\/DSC_0884-768x513.jpg 768w, https:\/\/www.radioamigavallenar.cl\/wp-content\/uploads\/2020\/01\/DSC_0884-1536x1027.jpg 1536w, https:\/\/www.radioamigavallenar.cl\/wp-content\/uploads\/2020\/01\/DSC_0884-2048x1369.jpg 2048w\" sizes=\"auto, (max-width: 1024px) 100vw, 1024px\" \/><\/figure><\/li><li class=\"blocks-gallery-item\"><figure><img loading=\"lazy\" decoding=\"async\" width=\"1024\" height=\"684\" src=\"https:\/\/www.radioamigavallenar.cl\/wp-content\/uploads\/2020\/01\/DSC_0904-1024x684.jpg\" alt=\"\" data-id=\"19640\" data-full-url=\"https:\/\/www.radioamigavallenar.cl\/wp-content\/uploads\/2020\/01\/DSC_0904-scaled.jpg\" data-link=\"https:\/\/www.radioamigavallenar.cl\/?attachment_id=19640\" class=\"wp-image-19640\" srcset=\"https:\/\/www.radioamigavallenar.cl\/wp-content\/uploads\/2020\/01\/DSC_0904-1024x684.jpg 1024w, https:\/\/www.radioamigavallenar.cl\/wp-content\/uploads\/2020\/01\/DSC_0904-300x201.jpg 300w, https:\/\/www.radioamigavallenar.cl\/wp-content\/uploads\/2020\/01\/DSC_0904-768x513.jpg 768w, https:\/\/www.radioamigavallenar.cl\/wp-content\/uploads\/2020\/01\/DSC_0904-1536x1027.jpg 1536w, https:\/\/www.radioamigavallenar.cl\/wp-content\/uploads\/2020\/01\/DSC_0904-2048x1369.jpg 2048w\" sizes=\"auto, (max-width: 1024px) 100vw, 1024px\" \/><\/figure><\/li><li class=\"blocks-gallery-item\"><figure><img loading=\"lazy\" decoding=\"async\" width=\"1024\" height=\"684\" src=\"https:\/\/www.radioamigavallenar.cl\/wp-content\/uploads\/2020\/01\/DSC_0933-1024x684.jpg\" alt=\"\" data-id=\"19641\" data-full-url=\"https:\/\/www.radioamigavallenar.cl\/wp-content\/uploads\/2020\/01\/DSC_0933-scaled.jpg\" data-link=\"https:\/\/www.radioamigavallenar.cl\/?attachment_id=19641\" class=\"wp-image-19641\" srcset=\"https:\/\/www.radioamigavallenar.cl\/wp-content\/uploads\/2020\/01\/DSC_0933-1024x684.jpg 1024w, https:\/\/www.radioamigavallenar.cl\/wp-content\/uploads\/2020\/01\/DSC_0933-300x201.jpg 300w, https:\/\/www.radioamigavallenar.cl\/wp-content\/uploads\/2020\/01\/DSC_0933-768x513.jpg 768w, https:\/\/www.radioamigavallenar.cl\/wp-content\/uploads\/2020\/01\/DSC_0933-1536x1027.jpg 1536w, https:\/\/www.radioamigavallenar.cl\/wp-content\/uploads\/2020\/01\/DSC_0933-2048x1369.jpg 2048w\" sizes=\"auto, (max-width: 1024px) 100vw, 1024px\" \/><\/figure><\/li><li class=\"blocks-gallery-item\"><figure><img loading=\"lazy\" decoding=\"async\" width=\"1024\" height=\"684\" src=\"https:\/\/www.radioamigavallenar.cl\/wp-content\/uploads\/2020\/01\/DSC_0948-1024x684.jpg\" alt=\"\" data-id=\"19642\" data-full-url=\"https:\/\/www.radioamigavallenar.cl\/wp-content\/uploads\/2020\/01\/DSC_0948-scaled.jpg\" data-link=\"https:\/\/www.radioamigavallenar.cl\/?attachment_id=19642\" class=\"wp-image-19642\" srcset=\"https:\/\/www.radioamigavallenar.cl\/wp-content\/uploads\/2020\/01\/DSC_0948-1024x684.jpg 1024w, https:\/\/www.radioamigavallenar.cl\/wp-content\/uploads\/2020\/01\/DSC_0948-300x201.jpg 300w, https:\/\/www.radioamigavallenar.cl\/wp-content\/uploads\/2020\/01\/DSC_0948-768x513.jpg 768w, https:\/\/www.radioamigavallenar.cl\/wp-content\/uploads\/2020\/01\/DSC_0948-1536x1027.jpg 1536w, https:\/\/www.radioamigavallenar.cl\/wp-content\/uploads\/2020\/01\/DSC_0948-2048x1369.jpg 2048w\" sizes=\"auto, (max-width: 1024px) 100vw, 1024px\" \/><\/figure><\/li><\/ul><\/figure>\n\n\n\n<p><strong>En la oportunidad el astr\u00f3nomo Mario Hamuy recibi\u00f3 las llaves de la ciudad.<\/strong><\/p>\n\n\n\n<p>Mas de 2 mil personas se\ndieron cita en el anfiteatro del paseo ribere\u00f1o de Vallenar, para celebrar los\n231 a\u00f1os de su fundaci\u00f3n, actividad que permiti\u00f3 reconocer a distintas\npersonalidades e instituciones que han contribuido desde sus diferentes \u00e1mbitos\nal desarrollo de la comuna y que culmin\u00f3 con el show de la agrupaci\u00f3n nacional\nNatalino.<\/p>\n\n\n\n<p>La actividad cont\u00f3 con la\npresencia del alcalde de la comuna, Cristian Tapia Ramos, la senadora Yasna\nProvoste Campillay, los concejales V\u00edctor Isla Lutz, Patricio Neira Brizuela,\nLuis Bocdanic Caminada, Norma Torrej\u00f3n Valera, Luis Valderrama Malt\u00e9s y\nRobinson Morales Valera.<\/p>\n\n\n\n<p>El evento comenz\u00f3 con la\nbrillante presentaci\u00f3n de la academia de danza Isadora Dunkan, luego&nbsp; vino la participaci\u00f3n musical del grupo I&nbsp;&nbsp;&nbsp;&nbsp;&nbsp;&nbsp;&nbsp;&nbsp; ntisumak, quienes interpretaron sus\npropias canciones dedicadas a la ciudad de Vallenar, para posteriormente dar\npaso a la ceremonia de reconocimientos a quienes recibieron la medalla Ambrosio\nO\u2019Higgins, como: el artista y autodidacta Oscar Cubillos Cuello, la agrupaci\u00f3n\nmusical Los Villanos del Huasco y la farmacia local y familiar, Santiago n\u00famero\nuno, la cual se ha mantenido por mas de 100 a\u00f1os en la comuna.<\/p>\n\n\n\n<p>Tambi\u00e9n recibieron\ndistinci\u00f3n especial ciudad de Vallenar, el joven y destacado bailar\u00edn y campe\u00f3n\nnacional de cueca, Benjam\u00edn Cataldo Guerrero, el artista vallenarino, Jorge\nAdaros Arcos, el club deportivo de boxeo Godfrey Stevens, la destacada\npatinadora Camila Salinas Pujado, adem\u00e1s de la profesora, folklorista y\ndestacada ex dirigente de la uni\u00f3n comunal del adulto mayor, Iris Ardiles\nPast\u00e9n.<\/p>\n\n\n\n<p>Cabe destacar que en la\noportunidad tambi\u00e9n se distingui\u00f3 con la entrega de las llaves de la ciudad al\nastr\u00f3nomo y premio nacional de ciencias, Mario Hamuy por su gran contribuci\u00f3n y\napoyo desinteresado hacia la comuna de Vallenar, para llevar adelante el\nproceso de producci\u00f3n y capacitaci\u00f3n relacionado con el eclipse solar total del\n2 de julio del a\u00f1o pasado.<\/p>\n\n\n\n<p>Miguel Prado propietario\nde la farmacia local Santiago, se manifest\u00f3 muy contento y agradecido por la\ndistinci\u00f3n que el municipio le entreg\u00f3.<\/p>\n\n\n\n<p><strong>\u201cMuy agradecido de Vallenar y emocionado, tengo\nque seguir siempre con mi misma manera de trabajar, con la tradici\u00f3n de familia\ny bueno, siempre por Vallenar, somo de nacimiento vallenarino y tenemos que\nseguir el mismo rol y quiz\u00e1s no s\u00e9 hasta cu\u00e1ndo\u201d.<\/strong><\/p>\n\n\n\n<p>La joven patinadora\nCamila Pujado, Tambi\u00e9n tuvo palabras de agradecimientos para el municipio.<\/p>\n\n\n\n<p><strong>\u201cMuy feliz y muy agradecida por todo, y muy\ncontenta de que tome al patinaje art\u00edstico, como un referente para los j\u00f3venes\u201d.<\/strong><\/p>\n\n\n\n<p>El alcalde Cristian Tapia\nRamos, destac\u00f3 la entrego de reconocimientos a personas destacadas de la\ncomuna, as\u00ed como al astr\u00f3nomo Mario Hamuy.<\/p>\n\n\n\n<p><strong>\u201cha sido super emotivo, distinguimos a hombres y\nmujeres, instituciones que han sido representativas y destacadas, cuesta arto porque\nhay muchas personas que se lo merecen, pero no todos lo pueden llevar, as\u00ed que\nyo agradezco tambi\u00e9n los aplausos de la gente a estos homenajeados, porque sin\nlugar a dudas porque ese aplauso de la gente significa que fuimos asertivos en\nestas distinciones y bueno con un lleno total en el paseo ribere\u00f1o, en un clima\nque invita a poder relajarnos y salir de lo que hemos estando viviendo en los\n\u00faltimos tiempos\u201d.<\/strong><\/p>\n\n\n\n<p>En relaci\u00f3n al programa\nde verano 2020, indic\u00f3 que se vienen un programa completo de actividades en la\nciudad de Vallenar, tanto actividades art\u00edsticas, recreativas, folcl\u00f3ricas,\nart\u00edsticas, va hacer un lindo verano donde la gente aqu\u00ed no se a aburrir.<\/p>\n\n\n\n<p>La actividad culmin\u00f3 con\nla presentaci\u00f3n del grupo musical vallenarino, Los Villanos del Huasco y la\nactuaci\u00f3n del grupo nacional Natalino, quienes con una actuaci\u00f3n brillante y\ncontundente puesta en escena lograron cautivar al p\u00fablico asistente quienes\ncorearon cada una de sus canciones.<\/p>\n","protected":false},"excerpt":{"rendered":"<p>En la oportunidad el astr\u00f3nomo Mario Hamuy recibi\u00f3 las llaves de la ciudad. Mas de 2 mil personas se dieron cita en el anfiteatro del&hellip; <\/p>\n","protected":false},"author":2,"featured_media":19639,"comment_status":"open","ping_status":"closed","sticky":false,"template":"","format":"standard","meta":{"footnotes":""},"categories":[7,1,2],"tags":[],"class_list":["post-19637","post","type-post","status-publish","format-standard","has-post-thumbnail","hentry","category-atacama","category-provincia-del-huasco-2","category-vallenar"],"_links":{"self":[{"href":"https:\/\/www.radioamigavallenar.cl\/index.php?rest_route=\/wp\/v2\/posts\/19637","targetHints":{"allow":["GET"]}}],"collection":[{"href":"https:\/\/www.radioamigavallenar.cl\/index.php?rest_route=\/wp\/v2\/posts"}],"about":[{"href":"https:\/\/www.radioamigavallenar.cl\/index.php?rest_route=\/wp\/v2\/types\/post"}],"author":[{"embeddable":true,"href":"https:\/\/www.radioamigavallenar.cl\/index.php?rest_route=\/wp\/v2\/users\/2"}],"replies":[{"embeddable":true,"href":"https:\/\/www.radioamigavallenar.cl\/index.php?rest_route=%2Fwp%2Fv2%2Fcomments&post=19637"}],"version-history":[{"count":0,"href":"https:\/\/www.radioamigavallenar.cl\/index.php?rest_route=\/wp\/v2\/posts\/19637\/revisions"}],"wp:featuredmedia":[{"embeddable":true,"href":"https:\/\/www.radioamigavallenar.cl\/index.php?rest_route=\/wp\/v2\/media\/19639"}],"wp:attachment":[{"href":"https:\/\/www.radioamigavallenar.cl\/index.php?rest_route=%2Fwp%2Fv2%2Fmedia&parent=19637"}],"wp:term":[{"taxonomy":"category","embeddable":true,"href":"https:\/\/www.radioamigavallenar.cl\/index.php?rest_route=%2Fwp%2Fv2%2Fcategories&post=19637"},{"taxonomy":"post_tag","embeddable":true,"href":"https:\/\/www.radioamigavallenar.cl\/index.php?rest_route=%2Fwp%2Fv2%2Ftags&post=19637"}],"curies":[{"name":"wp","href":"https:\/\/api.w.org\/{rel}","templated":true}]}}