{"id":19633,"date":"2020-01-06T11:47:00","date_gmt":"2020-01-06T14:47:00","guid":{"rendered":"https:\/\/www.radioamigavallenar.cl\/?p=19633"},"modified":"2020-01-06T11:48:30","modified_gmt":"2020-01-06T14:48:30","slug":"fundicion-de-enami-proyecta-capturar-96-de-emisiones-tras-mantencion-programada-en-enero","status":"publish","type":"post","link":"https:\/\/www.radioamigavallenar.cl\/?p=19633","title":{"rendered":"Fundici\u00f3n de Enami proyecta capturar 96% de emisiones tras mantenci\u00f3n programada en enero"},"content":{"rendered":"\n<figure class=\"wp-block-image size-large\"><img loading=\"lazy\" decoding=\"async\" width=\"800\" height=\"600\" src=\"https:\/\/www.radioamigavallenar.cl\/wp-content\/uploads\/2020\/01\/enami-mantencion-800x600-1.jpg\" alt=\"\" class=\"wp-image-19634\" srcset=\"https:\/\/www.radioamigavallenar.cl\/wp-content\/uploads\/2020\/01\/enami-mantencion-800x600-1.jpg 800w, https:\/\/www.radioamigavallenar.cl\/wp-content\/uploads\/2020\/01\/enami-mantencion-800x600-1-300x225.jpg 300w, https:\/\/www.radioamigavallenar.cl\/wp-content\/uploads\/2020\/01\/enami-mantencion-800x600-1-768x576.jpg 768w\" sizes=\"auto, (max-width: 800px) 100vw, 800px\" \/><\/figure>\n\n\n\n<p>A partir de hoy lunes 6 de enero y durante 21 d\u00edas, la Empresa Nacional de Miner\u00eda inicia el proceso anual de mantenci\u00f3n general de la Fundici\u00f3n Hern\u00e1n Videla Lira (FHVL) que, en esta oportunidad, considera trabajos que apuntan a concretar desaf\u00edos medioambientales planteados por la estatal, con el objetivo de aumentar a 96% la captura de emisiones de Di\u00f3xido de Azufre (SO2) de las instalaciones de Paipote.<\/p>\n\n\n\n<p>Lo anterior con la ejecuci\u00f3n del proyecto de ingenier\u00eda que mecanizar\u00e1 el sistema de alimentaci\u00f3n de carga fr\u00eda a los convertidores Pierce-Smith, disminuyendo en cerca de 1% las emisiones puntuales que actualmente se generan mediante este proceso.<\/p>\n\n\n\n<p>Adem\u00e1s de dar continuidad operacional a la fundici\u00f3n HVL, las obras de dicho proyecto demandar\u00e1n una inversi\u00f3n de US$ 5 millones, la que se suma a los US$ 8 millones que se invertir\u00e1n en la mantenci\u00f3n general. Con la contrataci\u00f3n de 31 empresas contratistas \u2013en su mayor\u00eda de la Regi\u00f3n de Atacama\u2013 y de 500 trabajadores adicionales, se realizar\u00e1n reparaciones y mejoras a equipos operativos que no pueden detenerse durante el ejercicio anual.<\/p>\n\n\n\n<p>\u201cNuestra mantenci\u00f3n es clave para la operaci\u00f3n anual de la fundici\u00f3n, sin embargo, en esta ocasi\u00f3n los trabajos adquieren una nueva relevancia debido a que la ejecuci\u00f3n del proyecto de adici\u00f3n de carga fr\u00eda nos va a permitir aumentar el control de nuestras emisiones de SO2, y esperamos ganar entre medio punto y un punto de captura de emisiones, con lo que estar\u00edamos por sobre el 96%. Si bien hoy cumplimos la normativa ambiental y estamos muy orgullosos de aquello, tenemos que seguir poni\u00e9ndonos metas m\u00e1s exigentes, por sobre lo que establece la ley y creemos que este es uno de los primeros pasos que queremos dar para seguir avanzando\u201d, detall\u00f3 el vicepresidente ejecutivo de Enami, Robert Mayne-Nicholls, durante recorrido previo al inicio de las obras.<\/p>\n\n\n\n<p>Finalmente, la estatal inform\u00f3 que los trabajos programados durante el mes de enero en la Fundici\u00f3n Hern\u00e1n Videla Lira no alterar\u00e1n la recepci\u00f3n de los minerales que se procesan, como tampoco el despacho de productos mineros, los que quedar\u00e1n sujetos al stock.<\/p>\n","protected":false},"excerpt":{"rendered":"<p>A partir de hoy lunes 6 de enero y durante 21 d\u00edas, la Empresa Nacional de Miner\u00eda inicia el proceso anual de mantenci\u00f3n general de&hellip; <\/p>\n","protected":false},"author":2,"featured_media":19634,"comment_status":"open","ping_status":"closed","sticky":false,"template":"","format":"standard","meta":{"footnotes":""},"categories":[7,34],"tags":[],"class_list":["post-19633","post","type-post","status-publish","format-standard","has-post-thumbnail","hentry","category-atacama","category-mineria"],"_links":{"self":[{"href":"https:\/\/www.radioamigavallenar.cl\/index.php?rest_route=\/wp\/v2\/posts\/19633","targetHints":{"allow":["GET"]}}],"collection":[{"href":"https:\/\/www.radioamigavallenar.cl\/index.php?rest_route=\/wp\/v2\/posts"}],"about":[{"href":"https:\/\/www.radioamigavallenar.cl\/index.php?rest_route=\/wp\/v2\/types\/post"}],"author":[{"embeddable":true,"href":"https:\/\/www.radioamigavallenar.cl\/index.php?rest_route=\/wp\/v2\/users\/2"}],"replies":[{"embeddable":true,"href":"https:\/\/www.radioamigavallenar.cl\/index.php?rest_route=%2Fwp%2Fv2%2Fcomments&post=19633"}],"version-history":[{"count":0,"href":"https:\/\/www.radioamigavallenar.cl\/index.php?rest_route=\/wp\/v2\/posts\/19633\/revisions"}],"wp:featuredmedia":[{"embeddable":true,"href":"https:\/\/www.radioamigavallenar.cl\/index.php?rest_route=\/wp\/v2\/media\/19634"}],"wp:attachment":[{"href":"https:\/\/www.radioamigavallenar.cl\/index.php?rest_route=%2Fwp%2Fv2%2Fmedia&parent=19633"}],"wp:term":[{"taxonomy":"category","embeddable":true,"href":"https:\/\/www.radioamigavallenar.cl\/index.php?rest_route=%2Fwp%2Fv2%2Fcategories&post=19633"},{"taxonomy":"post_tag","embeddable":true,"href":"https:\/\/www.radioamigavallenar.cl\/index.php?rest_route=%2Fwp%2Fv2%2Ftags&post=19633"}],"curies":[{"name":"wp","href":"https:\/\/api.w.org\/{rel}","templated":true}]}}