{"id":19630,"date":"2020-01-06T11:45:05","date_gmt":"2020-01-06T14:45:05","guid":{"rendered":"https:\/\/www.radioamigavallenar.cl\/?p=19630"},"modified":"2020-01-06T11:45:06","modified_gmt":"2020-01-06T14:45:06","slug":"mas-de-100-fiscalizaciones-a-uso-de-plaguicidas-realizo-el-ministerio-de-agricultura-en-atacama-durante-el-2019","status":"publish","type":"post","link":"https:\/\/www.radioamigavallenar.cl\/?p=19630","title":{"rendered":"M\u00e1s de 100 fiscalizaciones a uso de plaguicidas realiz\u00f3 el Ministerio de Agricultura en Atacama durante el 2019"},"content":{"rendered":"\n<figure class=\"wp-block-image size-large\"><img loading=\"lazy\" decoding=\"async\" width=\"702\" height=\"402\" src=\"https:\/\/www.radioamigavallenar.cl\/wp-content\/uploads\/2020\/01\/3.jpg\" alt=\"\" class=\"wp-image-19631\" srcset=\"https:\/\/www.radioamigavallenar.cl\/wp-content\/uploads\/2020\/01\/3.jpg 702w, https:\/\/www.radioamigavallenar.cl\/wp-content\/uploads\/2020\/01\/3-300x172.jpg 300w\" sizes=\"auto, (max-width: 702px) 100vw, 702px\" \/><\/figure>\n\n\n\n<p>El 2019 fue un a\u00f1o de desaf\u00edos para el Ministerio de Agricultura en la regi\u00f3n. En materia sanitaria, adem\u00e1s de continuar el trabajo sostenido en pos del control de la&nbsp;<em>lobesia botrana<\/em>&nbsp;de tal forma que la uva chilena mejore su competitividad en los mercados internacionales; continu\u00f3 promoviendo el cumplimiento de la ley chilena respecto del uso y manejo de plaguicidas.<\/p>\n\n\n\n<p>En este sentido, el trabajo del Servicio Agr\u00edcola y Ganadero, SAG, incluy\u00f3 la realizaci\u00f3n de alrededor de 135 fiscalizaciones tanto a la venta, como al uso de fertilizantes y agroqu\u00edmicos, adem\u00e1s de tomar 24 muestras de frutas y hortalizas para el verificar residuos. Tambi\u00e9n entreg\u00f3 153 credenciales a aplicadores que los certifican como calificados para el uso de estos productos.<\/p>\n\n\n\n<p>Asimismo, se realizaron charlas de difusi\u00f3n respecto del uso y almacenamiento de plaguicidas, en los que participaron m\u00e1s de 140 personas, principalmente hortaliceros del pueblo San Fernando y del valle del Huasco.<\/p>\n\n\n\n<p>Actualmente la reglamentaci\u00f3n fiscalizada por el SAG est\u00e1 definida en el Decreto de Ley N\u00b03557, enfoc\u00e1ndose en el cumplimiento de las indicaciones presentes en el etiquetado del producto, las que deben obligatoriamente ser cumplidas el agricultor, tales como dosis, cultivo indicado, tiempo de carencia, protecci\u00f3n personal, etc.<\/p>\n\n\n\n<p>El Ministerio de Salud por su parte, especifica la correcta aplicaci\u00f3n de dichos productos en el territorio, para velar por la seguridad de las personas en el entorno y la del aplicador.<\/p>\n\n\n\n<p>Al respecto Eduardo P\u00e9rez, agricultor copiapino, manifest\u00f3 que \u201cahora hemos aprendido, usamos los desinfectantes que tenemos que tirar, para el tomate hay uno que tiene que tener carencia de 4, 5 d\u00edas, esperamos ese tiempo. Para la gente que lo aplica, tenemos trompa, un traje muy bueno, anti\u00e1cidos, como los que se ocupan para los camiones del \u00e1cido\u201d.<\/p>\n\n\n\n<p>En tanto, el Secretario Regional Ministerial de Agricultura, Patricio Araya Vargas, dijo que \u201cel 80% de los productos que se venden en las ferias libres de Copiap\u00f3, son hortalizas producidas en Atacama, por lo tanto, nuestra preocupaci\u00f3n es que la comunidad consuma verduras inocuas para su salud y por eso fiscalizamos que el uso de plaguicidas sea el establecido en la legislaci\u00f3n chilena\u201d.<\/p>\n\n\n\n<p>Agregando que \u201cdesde hace a\u00f1os hemos realizado un trabajo sostenido con los agricultores, con el objetivo de perfeccionar su rol en la aplicaci\u00f3n de agroqu\u00edmicos, en la dosis y en el producto adecuado, considerando las recomendaciones del fabricante, porque no hay que olvidar que todo lo que se cosecha es para el consumo humano\u201d.<\/p>\n\n\n\n<p class=\"has-text-align-center\"><strong>Fiscalizaciones conjuntas entre SAG y Salud<\/strong><\/p>\n\n\n\n<p>El Servicio Agr\u00edcola y Ganadero se reuni\u00f3 junto a la Secretaria Regional Ministerial de Salud con el fin de evaluar el trabajo conjunto realizado durante el 2019 y planificar que se realizar\u00e1 el presente a\u00f1o, con el prop\u00f3sito de fiscalizar coordinadamente y en forma eficiente el uso seguro de plaguicidas y fertilizantes en la regi\u00f3n.<\/p>\n\n\n\n<p>De esta manera tanto el SAG como la Seremi de Salud continuar\u00e1n con fiscalizaciones conjuntas, charlas y capacitaciones al sector, las que involucran a trabajadores, estudiantes y funcionarios p\u00fablicos.<\/p>\n\n\n\n<p>Al respecto la Directora Regional del SAG, Mei Maggi Achu, se\u00f1al\u00f3 que el Servicio \u201cfiscaliza desde la fabricaci\u00f3n, la venta, el uso, el almacenamiento y el transporte de plaguicidas, nuestra labor en la regi\u00f3n se concentra en la fiscalizaci\u00f3n en la aplicaci\u00f3n de plaguicidas a nivel de los predios agr\u00edcolas, es decir, c\u00f3mo los est\u00e1n utilizando, las dosis, elementos de protecci\u00f3n personal, si los aplican al cultivo que corresponde y tambi\u00e9n su almacenamiento, es decir qu\u00e9 hacen con los envases vac\u00edos, qu\u00e9 hacen con los residuos y c\u00f3mo los almacenan en las bodegas de plaguicidas\u201d.<\/p>\n","protected":false},"excerpt":{"rendered":"<p>El 2019 fue un a\u00f1o de desaf\u00edos para el Ministerio de Agricultura en la regi\u00f3n. En materia sanitaria, adem\u00e1s de continuar el trabajo sostenido en&hellip; <\/p>\n","protected":false},"author":2,"featured_media":19631,"comment_status":"open","ping_status":"closed","sticky":false,"template":"","format":"standard","meta":{"footnotes":""},"categories":[7],"tags":[],"class_list":["post-19630","post","type-post","status-publish","format-standard","has-post-thumbnail","hentry","category-atacama"],"_links":{"self":[{"href":"https:\/\/www.radioamigavallenar.cl\/index.php?rest_route=\/wp\/v2\/posts\/19630","targetHints":{"allow":["GET"]}}],"collection":[{"href":"https:\/\/www.radioamigavallenar.cl\/index.php?rest_route=\/wp\/v2\/posts"}],"about":[{"href":"https:\/\/www.radioamigavallenar.cl\/index.php?rest_route=\/wp\/v2\/types\/post"}],"author":[{"embeddable":true,"href":"https:\/\/www.radioamigavallenar.cl\/index.php?rest_route=\/wp\/v2\/users\/2"}],"replies":[{"embeddable":true,"href":"https:\/\/www.radioamigavallenar.cl\/index.php?rest_route=%2Fwp%2Fv2%2Fcomments&post=19630"}],"version-history":[{"count":0,"href":"https:\/\/www.radioamigavallenar.cl\/index.php?rest_route=\/wp\/v2\/posts\/19630\/revisions"}],"wp:featuredmedia":[{"embeddable":true,"href":"https:\/\/www.radioamigavallenar.cl\/index.php?rest_route=\/wp\/v2\/media\/19631"}],"wp:attachment":[{"href":"https:\/\/www.radioamigavallenar.cl\/index.php?rest_route=%2Fwp%2Fv2%2Fmedia&parent=19630"}],"wp:term":[{"taxonomy":"category","embeddable":true,"href":"https:\/\/www.radioamigavallenar.cl\/index.php?rest_route=%2Fwp%2Fv2%2Fcategories&post=19630"},{"taxonomy":"post_tag","embeddable":true,"href":"https:\/\/www.radioamigavallenar.cl\/index.php?rest_route=%2Fwp%2Fv2%2Ftags&post=19630"}],"curies":[{"name":"wp","href":"https:\/\/api.w.org\/{rel}","templated":true}]}}