{"id":19624,"date":"2020-01-06T11:40:43","date_gmt":"2020-01-06T14:40:43","guid":{"rendered":"https:\/\/www.radioamigavallenar.cl\/?p=19624"},"modified":"2020-01-06T11:40:44","modified_gmt":"2020-01-06T14:40:44","slug":"director-prochile-atacama-nuestra-region-sera-epicentro-de-la-mineria-de-america-del-sur-con-encuentro-binacional-chile-peru","status":"publish","type":"post","link":"https:\/\/www.radioamigavallenar.cl\/?p=19624","title":{"rendered":"Director ProChile Atacama: \u201cNuestra Regi\u00f3n ser\u00e1 epicentro de la miner\u00eda de Am\u00e9rica del Sur con Encuentro Binacional Chile \u2013 Per\u00fa\u201d"},"content":{"rendered":"\n<figure class=\"wp-block-image size-large\"><img loading=\"lazy\" decoding=\"async\" width=\"1024\" height=\"640\" src=\"https:\/\/www.radioamigavallenar.cl\/wp-content\/uploads\/2020\/01\/mineria.jpg\" alt=\"\" class=\"wp-image-19625\" srcset=\"https:\/\/www.radioamigavallenar.cl\/wp-content\/uploads\/2020\/01\/mineria.jpg 1024w, https:\/\/www.radioamigavallenar.cl\/wp-content\/uploads\/2020\/01\/mineria-300x188.jpg 300w, https:\/\/www.radioamigavallenar.cl\/wp-content\/uploads\/2020\/01\/mineria-768x480.jpg 768w\" sizes=\"auto, (max-width: 1024px) 100vw, 1024px\" \/><\/figure>\n\n\n\n<h4 class=\"wp-block-heading\">Oficina Regional proyecta un intenso a\u00f1o 2020 para este sector comercial.<\/h4>\n\n\n\n<p>Un provechoso a\u00f1o en materia de relaciones comerciales internacionales orientadas al sector minero se espera concretar en Atacama, gracias al futuro Encuentro Binacional Chile \u2013 Per\u00fa 2020, que organizar\u00e1 ProChile en la Regi\u00f3n.<\/p>\n\n\n\n<p>El evento internacional, a realizarse el segundo semestre en Copiap\u00f3, contar\u00e1 con la participaci\u00f3n de al menos 15 empresas importadoras de servicios mineros de Per\u00fa, adem\u00e1s de la presencia de compradores de otros pa\u00edses invitados del continente.<\/p>\n\n\n\n<p>En este contexto, el director de la Oficina Regional de ProChile, Juan Noemi, se\u00f1al\u00f3 que \u201cnuestro equipo ya se encuentra trabajando en lo que ser\u00e1 este importante evento internacional, que por primera vez se realizar\u00e1 en la regi\u00f3n, y que busca ser el epicentro comercial para el sector minero exportador, incluyendo a compa\u00f1\u00edas importadoras de Sudam\u00e9rica y a empresas proveedoras de servicios de nuestro pa\u00eds y regi\u00f3n\u201d.<\/p>\n\n\n\n<p>Sobre este punto, Noemi recalc\u00f3 la importancia de diversificar la oferta exportadora de Atacama a trav\u00e9s de las empresas proveedoras mineras, con ejemplos como de Sattel Chile Ltda., MCM Ltda., o JCM Ingenier\u00eda, las cuales han iniciado procesos de exportaci\u00f3n de servicios, permiti\u00e9ndoles crecer, proyectarse y ampliar sus puestos de trabajo.<\/p>\n\n\n\n<p>Cabe recordar que como antesala a este Encuentro Binacional, a fines de 2019 ProChile Atacama a trav\u00e9s de un proyecto del Concurso de Servicios adjudicado a CORPROA, concret\u00f3 una exitosa Invitaci\u00f3n de Compa\u00f1\u00edas Mineras a Copiap\u00f3, instancia en que se organiz\u00f3 un Workshop Internacional para Proveedores junto a una Rueda de Negocios, buscando dar a conocer la oferta exportable de Atacama.<\/p>\n\n\n\n<p>Sumado a ello,&nbsp;en las pr\u00f3ximas semanas&nbsp;el equipo de ProChile Atacama&nbsp;desarrollar\u00e1 una Misi\u00f3n Comercial con empresas regionales proveedoras de servicios mineros a los mercados de Bolivia y Ecuador, buscando apoyarlas tanto en su internacionalizaci\u00f3n como en su crecimiento, y de esta forma sumar m\u00e1s puestos de trabajo y empleo en la regi\u00f3n.<\/p>\n","protected":false},"excerpt":{"rendered":"<p>Oficina Regional proyecta un intenso a\u00f1o 2020 para este sector comercial. Un provechoso a\u00f1o en materia de relaciones comerciales internacionales orientadas al sector minero se&hellip; <\/p>\n","protected":false},"author":2,"featured_media":19625,"comment_status":"open","ping_status":"closed","sticky":false,"template":"","format":"standard","meta":{"footnotes":""},"categories":[7,34],"tags":[],"class_list":["post-19624","post","type-post","status-publish","format-standard","has-post-thumbnail","hentry","category-atacama","category-mineria"],"_links":{"self":[{"href":"https:\/\/www.radioamigavallenar.cl\/index.php?rest_route=\/wp\/v2\/posts\/19624","targetHints":{"allow":["GET"]}}],"collection":[{"href":"https:\/\/www.radioamigavallenar.cl\/index.php?rest_route=\/wp\/v2\/posts"}],"about":[{"href":"https:\/\/www.radioamigavallenar.cl\/index.php?rest_route=\/wp\/v2\/types\/post"}],"author":[{"embeddable":true,"href":"https:\/\/www.radioamigavallenar.cl\/index.php?rest_route=\/wp\/v2\/users\/2"}],"replies":[{"embeddable":true,"href":"https:\/\/www.radioamigavallenar.cl\/index.php?rest_route=%2Fwp%2Fv2%2Fcomments&post=19624"}],"version-history":[{"count":0,"href":"https:\/\/www.radioamigavallenar.cl\/index.php?rest_route=\/wp\/v2\/posts\/19624\/revisions"}],"wp:featuredmedia":[{"embeddable":true,"href":"https:\/\/www.radioamigavallenar.cl\/index.php?rest_route=\/wp\/v2\/media\/19625"}],"wp:attachment":[{"href":"https:\/\/www.radioamigavallenar.cl\/index.php?rest_route=%2Fwp%2Fv2%2Fmedia&parent=19624"}],"wp:term":[{"taxonomy":"category","embeddable":true,"href":"https:\/\/www.radioamigavallenar.cl\/index.php?rest_route=%2Fwp%2Fv2%2Fcategories&post=19624"},{"taxonomy":"post_tag","embeddable":true,"href":"https:\/\/www.radioamigavallenar.cl\/index.php?rest_route=%2Fwp%2Fv2%2Ftags&post=19624"}],"curies":[{"name":"wp","href":"https:\/\/api.w.org\/{rel}","templated":true}]}}