{"id":19621,"date":"2020-01-06T11:39:31","date_gmt":"2020-01-06T14:39:31","guid":{"rendered":"https:\/\/www.radioamigavallenar.cl\/?p=19621"},"modified":"2020-01-06T11:39:32","modified_gmt":"2020-01-06T14:39:32","slug":"se-agotan-reservas-de-agua-de-tranque-lautaro-el-que-podria-quedar-seco-en-marzo","status":"publish","type":"post","link":"https:\/\/www.radioamigavallenar.cl\/?p=19621","title":{"rendered":"Se agotan reservas de agua de Tranque Lautaro el que podr\u00eda quedar seco en marzo."},"content":{"rendered":"\n<figure class=\"wp-block-image size-large\"><img loading=\"lazy\" decoding=\"async\" width=\"1024\" height=\"679\" src=\"https:\/\/www.radioamigavallenar.cl\/wp-content\/uploads\/2020\/01\/Foto_Tranque_Lautaro_Tierra_Amarilla_Atacama_Chile-1536x1019-1-1024x679.jpg\" alt=\"\" class=\"wp-image-19622\" srcset=\"https:\/\/www.radioamigavallenar.cl\/wp-content\/uploads\/2020\/01\/Foto_Tranque_Lautaro_Tierra_Amarilla_Atacama_Chile-1536x1019-1-1024x679.jpg 1024w, https:\/\/www.radioamigavallenar.cl\/wp-content\/uploads\/2020\/01\/Foto_Tranque_Lautaro_Tierra_Amarilla_Atacama_Chile-1536x1019-1-300x199.jpg 300w, https:\/\/www.radioamigavallenar.cl\/wp-content\/uploads\/2020\/01\/Foto_Tranque_Lautaro_Tierra_Amarilla_Atacama_Chile-1536x1019-1-768x510.jpg 768w, https:\/\/www.radioamigavallenar.cl\/wp-content\/uploads\/2020\/01\/Foto_Tranque_Lautaro_Tierra_Amarilla_Atacama_Chile-1536x1019-1.jpg 1536w\" sizes=\"auto, (max-width: 1024px) 100vw, 1024px\" \/><\/figure>\n\n\n\n<p>De no registrarse precipitaciones estar\u00edamos ante un sombr\u00edo panorama. Desde el Gobierno eval\u00faan un plan de contingencia para afrontar la crisis.<\/p>\n\n\n\n<p>Existe preocupaci\u00f3n en la Junta de Vigilancia del R\u00edo Copiap\u00f3 (JVRC) por causa de la baja en los niveles de agua del Tranque Lautaro y que de no registrar lluvias en los pr\u00f3ximos meses, podr\u00eda secarse por completo en marzo.<\/p>\n\n\n\n<p>Seg\u00fan consigna el portal de noticias soychile.cl , as\u00ed lo coment\u00f3 el gerente de la JVRC, Cristian Gonz\u00e1lez, que en conversaci\u00f3n con El Diario de Atacama, explic\u00f3 que \u00abel acopio de agua estar\u00eda cercano a un 30% de sus capacidad que equivalen unos 8 millones de metros c\u00fabicos y que de no mejorar las condiciones de escorrent\u00eda en el denominado invierno altipl\u00e1nico, podr\u00eda el embalse estar completamente seco en el mes de marzo de 2020\u00bb.<\/p>\n\n\n\n<p>El profesional anticip\u00f3 que \u00abconsideramos prudente evaluar las opciones de implementar algunas acciones concretas y de corto plazo que nos permitan mitigar el impacto de contar con menos recurso superficial, afrontar de mejor forma los meses venideros entre el sector p\u00fablico y privado en post del desarrollo de la Regi\u00f3n de Atacama\u00bb.<br>Gobierno.<\/p>\n\n\n\n<p>Respecto de este tema, el intendente de Atacama, Patricio Urquieta, indic\u00f3 que para enfrentar la problem\u00e1tica, \u00abcreamos una mesa regional que est\u00e1 integrada tanto por actores del sector p\u00fablico como del sector privado para aportar ideas con una perspectiva sobre el nuevo escenario que vive Am\u00e9rica. Siempre hay ideas presentes como la desalinizaci\u00f3n, la reutilizaci\u00f3n de aguas servidas, la infiltraci\u00f3n de acu\u00edferos, el fortalecimiento de las juntas de vigilancia y las organizaciones de usuarios de aguas, y tambi\u00e9n el sentido de la mesa es que podamos tener una idea regional para enfrentar nuestra realidad\u00bb.<\/p>\n\n\n\n<p>Asimismo, se inform\u00f3 que a trav\u00e9s de Corfo se financia el proyecto para la reutilizaci\u00f3n de aguas servidas de la agricultura, que permitir\u00e1 aprovechar mejor el agua; y la Comisi\u00f3n Nacional de Riego est\u00e1 inyectando m\u00e1s de 1.000 millones de pesos para financiar m\u00e1s obras de riego en la Regi\u00f3n de Atacama.<\/p>\n","protected":false},"excerpt":{"rendered":"<p>De no registrarse precipitaciones estar\u00edamos ante un sombr\u00edo panorama. Desde el Gobierno eval\u00faan un plan de contingencia para afrontar la crisis. Existe preocupaci\u00f3n en la&hellip; <\/p>\n","protected":false},"author":2,"featured_media":19622,"comment_status":"open","ping_status":"closed","sticky":false,"template":"","format":"standard","meta":{"footnotes":""},"categories":[7],"tags":[],"class_list":["post-19621","post","type-post","status-publish","format-standard","has-post-thumbnail","hentry","category-atacama"],"_links":{"self":[{"href":"https:\/\/www.radioamigavallenar.cl\/index.php?rest_route=\/wp\/v2\/posts\/19621","targetHints":{"allow":["GET"]}}],"collection":[{"href":"https:\/\/www.radioamigavallenar.cl\/index.php?rest_route=\/wp\/v2\/posts"}],"about":[{"href":"https:\/\/www.radioamigavallenar.cl\/index.php?rest_route=\/wp\/v2\/types\/post"}],"author":[{"embeddable":true,"href":"https:\/\/www.radioamigavallenar.cl\/index.php?rest_route=\/wp\/v2\/users\/2"}],"replies":[{"embeddable":true,"href":"https:\/\/www.radioamigavallenar.cl\/index.php?rest_route=%2Fwp%2Fv2%2Fcomments&post=19621"}],"version-history":[{"count":0,"href":"https:\/\/www.radioamigavallenar.cl\/index.php?rest_route=\/wp\/v2\/posts\/19621\/revisions"}],"wp:featuredmedia":[{"embeddable":true,"href":"https:\/\/www.radioamigavallenar.cl\/index.php?rest_route=\/wp\/v2\/media\/19622"}],"wp:attachment":[{"href":"https:\/\/www.radioamigavallenar.cl\/index.php?rest_route=%2Fwp%2Fv2%2Fmedia&parent=19621"}],"wp:term":[{"taxonomy":"category","embeddable":true,"href":"https:\/\/www.radioamigavallenar.cl\/index.php?rest_route=%2Fwp%2Fv2%2Fcategories&post=19621"},{"taxonomy":"post_tag","embeddable":true,"href":"https:\/\/www.radioamigavallenar.cl\/index.php?rest_route=%2Fwp%2Fv2%2Ftags&post=19621"}],"curies":[{"name":"wp","href":"https:\/\/api.w.org\/{rel}","templated":true}]}}