{"id":19614,"date":"2020-01-06T00:00:00","date_gmt":"2020-01-06T03:00:00","guid":{"rendered":"https:\/\/www.radioamigavallenar.cl\/?p=19614"},"modified":"2020-01-05T23:10:58","modified_gmt":"2020-01-06T02:10:58","slug":"vocero-de-aces-afirma-que-movilizaciones-durante-psu-dependeran-de-cada-organizacion-estudiantil","status":"publish","type":"post","link":"https:\/\/www.radioamigavallenar.cl\/?p=19614","title":{"rendered":"Vocero de ACES afirma que movilizaciones durante PSU depender\u00e1n de cada organizaci\u00f3n estudiantil"},"content":{"rendered":"\n<figure class=\"wp-block-image size-large\"><img loading=\"lazy\" decoding=\"async\" width=\"750\" height=\"400\" src=\"https:\/\/www.radioamigavallenar.cl\/wp-content\/uploads\/2020\/01\/vocero-de-aces-afirma-que-movilizaciones-durante-psu-dependeran-de-cada-organizacion-estudiantil-750x400-1.jpg\" alt=\"\" class=\"wp-image-19615\" srcset=\"https:\/\/www.radioamigavallenar.cl\/wp-content\/uploads\/2020\/01\/vocero-de-aces-afirma-que-movilizaciones-durante-psu-dependeran-de-cada-organizacion-estudiantil-750x400-1.jpg 750w, https:\/\/www.radioamigavallenar.cl\/wp-content\/uploads\/2020\/01\/vocero-de-aces-afirma-que-movilizaciones-durante-psu-dependeran-de-cada-organizacion-estudiantil-750x400-1-300x160.jpg 300w\" sizes=\"auto, (max-width: 750px) 100vw, 750px\" \/><\/figure>\n\n\n\n<p>El vocero de la\u00a0Asamblea Coordinadora de Estudiantes Secundarios\u00a0(ACES) afirm\u00f3 que depender\u00e1 de cada organizaci\u00f3n estudiantil la decisi\u00f3n de efectuar\u00a0movilizaciones en sus recintos educacionales\u00a0durante los d\u00edas en que se efectuar\u00e1 la rendici\u00f3n de la\u00a0Prueba de Selecci\u00f3n Universitaria.<\/p>\n\n\n\n<p>Este lunes 6 y martes 7 de enero son d\u00edas clave del proceso de admisi\u00f3n a la educaci\u00f3n superior 2020, jornadas en que se espera que cerca de\u00a0300 mil personas\u00a0rindan la PSU en los\u00a0180 locales habilitados\u00a0a lo largo del pa\u00eds.<\/p>\n\n\n\n<p>Proceso que se ha desarrollado en un ambiente de tensi\u00f3n luego del llamado de la ACES a \u201cfunar\u201d la prueba. De hecho, durante la ma\u00f1ana de este domingo se conoci\u00f3 sobre la toma de los liceos Jos\u00e9 Antonio Carvajal y el Liceo de M\u00fasica en Copiap\u00f3, situaci\u00f3n que causa incertidumbre en torno al desarrollo del examen.<\/p>\n\n\n\n<p>El vocero de la ACES,\u00a0V\u00edctor Chanfreau, no descart\u00f3 la realizaci\u00f3n de movilizaciones para este lunes y martes, las que afirm\u00f3 que depender\u00e1n de la decisi\u00f3n de cada organizaci\u00f3n estudiantil.<\/p>\n\n\n\n<p>Chanfreau afirm\u00f3 que\u00a0depender\u00e1 del criterio de los estudiantes secundarios si realizan una \u201cmovilizaci\u00f3n en su sede o en su liceo que est\u00e9 ocupado como sede o que un liceo pertenezca a cierto territorio y que los vecinos y vecinas se quieran movilizar\u201d.<\/p>\n\n\n\n<p> Por su parte, el vicepresidente del Consejo de Rectores, Aldo Valle, recalc\u00f3 el compromiso de la instituci\u00f3n para que los estudiantes puedan rendir la PSU en igualdad de condiciones. <\/p>\n\n\n\n<p>Mientras que el\u00a0presidente del Colegio de Profesores, Mario Aguilar, sostuvo que si bien el gremio apoya las movilizaciones de los estudiantes, consider\u00f3 que estas no apuntan a perjudicar a aquellos que quieran rendir el examen.<\/p>\n\n\n\n<p>\u201cNo creo yo que vayan a perjudicar a sus compa\u00f1eros impidiendo la realizaci\u00f3n de la prueba. La decisi\u00f3n del Consejo de Rectores, de realizar la prueba en esta fecha, nos parece correcta porque ya los tiempos est\u00e1n absolutamente al l\u00edmite\u201d, indic\u00f3.<\/p>\n\n\n\n<p>Cabe destacar que la directora del Departamento de Evaluaci\u00f3n, Medici\u00f3n y Registro Educacional, Leonor Varas, determin\u00f3 la\u00a0aplicaci\u00f3n de medidas civiles para resguardar la seguridad de los establecimientos donde se rendir\u00e1 la PSU, instancia en la que no est\u00e1 contemplada la acci\u00f3n de Carabineros.<\/p>\n\n\n\n<p>Lo anterior fue respaldado por el intendente de la regi\u00f3n Metropolitana, Felipe Guevara.<\/p>\n","protected":false},"excerpt":{"rendered":"<p>El vocero de la\u00a0Asamblea Coordinadora de Estudiantes Secundarios\u00a0(ACES) afirm\u00f3 que depender\u00e1 de cada organizaci\u00f3n estudiantil la decisi\u00f3n de efectuar\u00a0movilizaciones en sus recintos educacionales\u00a0durante los d\u00edas&hellip; <\/p>\n","protected":false},"author":2,"featured_media":19615,"comment_status":"open","ping_status":"closed","sticky":false,"template":"","format":"standard","meta":{"footnotes":""},"categories":[37],"tags":[],"class_list":["post-19614","post","type-post","status-publish","format-standard","has-post-thumbnail","hentry","category-nacional"],"_links":{"self":[{"href":"https:\/\/www.radioamigavallenar.cl\/index.php?rest_route=\/wp\/v2\/posts\/19614","targetHints":{"allow":["GET"]}}],"collection":[{"href":"https:\/\/www.radioamigavallenar.cl\/index.php?rest_route=\/wp\/v2\/posts"}],"about":[{"href":"https:\/\/www.radioamigavallenar.cl\/index.php?rest_route=\/wp\/v2\/types\/post"}],"author":[{"embeddable":true,"href":"https:\/\/www.radioamigavallenar.cl\/index.php?rest_route=\/wp\/v2\/users\/2"}],"replies":[{"embeddable":true,"href":"https:\/\/www.radioamigavallenar.cl\/index.php?rest_route=%2Fwp%2Fv2%2Fcomments&post=19614"}],"version-history":[{"count":0,"href":"https:\/\/www.radioamigavallenar.cl\/index.php?rest_route=\/wp\/v2\/posts\/19614\/revisions"}],"wp:featuredmedia":[{"embeddable":true,"href":"https:\/\/www.radioamigavallenar.cl\/index.php?rest_route=\/wp\/v2\/media\/19615"}],"wp:attachment":[{"href":"https:\/\/www.radioamigavallenar.cl\/index.php?rest_route=%2Fwp%2Fv2%2Fmedia&parent=19614"}],"wp:term":[{"taxonomy":"category","embeddable":true,"href":"https:\/\/www.radioamigavallenar.cl\/index.php?rest_route=%2Fwp%2Fv2%2Fcategories&post=19614"},{"taxonomy":"post_tag","embeddable":true,"href":"https:\/\/www.radioamigavallenar.cl\/index.php?rest_route=%2Fwp%2Fv2%2Ftags&post=19614"}],"curies":[{"name":"wp","href":"https:\/\/api.w.org\/{rel}","templated":true}]}}