{"id":19611,"date":"2020-01-06T00:00:00","date_gmt":"2020-01-06T03:00:00","guid":{"rendered":"https:\/\/www.radioamigavallenar.cl\/?p=19611"},"modified":"2020-01-05T23:07:31","modified_gmt":"2020-01-06T02:07:31","slug":"sonami-valora-acuerdo-historico-alcanzado-para-redactar-nueva-constitucion","status":"publish","type":"post","link":"https:\/\/www.radioamigavallenar.cl\/?p=19611","title":{"rendered":"Sonami valora acuerdo hist\u00f3rico alcanzado para redactar nueva constituci\u00f3n"},"content":{"rendered":"\n<div class=\"wp-block-image\"><figure class=\"aligncenter size-large is-resized\"><img loading=\"lazy\" decoding=\"async\" src=\"https:\/\/www.radioamigavallenar.cl\/wp-content\/uploads\/2020\/01\/Mr-Diego-Hernandezs-picture-1-1024x982.jpg\" alt=\"\" class=\"wp-image-19612\" width=\"442\" height=\"424\" srcset=\"https:\/\/www.radioamigavallenar.cl\/wp-content\/uploads\/2020\/01\/Mr-Diego-Hernandezs-picture-1-1024x982.jpg 1024w, https:\/\/www.radioamigavallenar.cl\/wp-content\/uploads\/2020\/01\/Mr-Diego-Hernandezs-picture-1-300x288.jpg 300w, https:\/\/www.radioamigavallenar.cl\/wp-content\/uploads\/2020\/01\/Mr-Diego-Hernandezs-picture-1-768x737.jpg 768w, https:\/\/www.radioamigavallenar.cl\/wp-content\/uploads\/2020\/01\/Mr-Diego-Hernandezs-picture-1.jpg 1527w\" sizes=\"auto, (max-width: 442px) 100vw, 442px\" \/><\/figure><\/div>\n\n\n\n<p>La Sociedad Nacional de Miner\u00eda (SONAMI) ve con esperanza el acuerdo alcanzado por los l\u00edderes de los partidos pol\u00edticos para redactar una nueva Constituci\u00f3n, que contribuya a la paz y a la justicia social, y a sentar las bases para el desarrollo futuro de nuestro pa\u00eds, permitiendo satisfacer las necesidades y demandas de todos los ciudadanos. Valoramos que este acuerdo se haya alcanzado respetando el marco institucional vigente.<\/p>\n\n\n\n<p>Creemos firmemente que el camino del di\u00e1logo nos permitir\u00e1 llegar a acuerdos para acortar nuestras diferencias y responder de manera efectiva al llamado que la ciudadan\u00eda ha elevado durante las \u00faltimas semanas. Como industria, manifestamos nuestra total disponibilidad para ser un aporte en este proceso constituyente, particularmente explicando cu\u00e1les son las condiciones de seguridad jur\u00eddica que consideramos necesarias para que nuestro sector productivo contin\u00fae siendo un motor de desarrollo econ\u00f3mico y social para el pa\u00eds, tal como lo ha sido hasta ahora.<\/p>\n\n\n\n<p>Para este sector, dedicado a explotar recursos naturales y que tiene un uso intensivo de capital, es particularmente relevante seguir contribuyendo a mantener las condiciones necesarias para que Chile conserve su posici\u00f3n de liderazgo. En la actual coyuntura, la miner\u00eda va a jugar un rol clave, especialmente, considerando su aporte en exportaciones, tributaci\u00f3n y el desarrollo de una industria proveedores de bienes y servicios, lo que facilitar\u00e1 la tarea de seguir construyendo una sociedad m\u00e1s justa para Chile.<\/p>\n\n\n\n<p>SONAMI, junto con rechazar la ola de violencia que ha vivido nuestro pa\u00eds, reitera su compromiso con este momento hist\u00f3rico para todos los chilenos. Confiamos en que las v\u00edas del di\u00e1logo y la amistad c\u00edvica puedan guiarnos al Chile que todos merecemos, y sostenemos nuestra completa disponibilidad para formar parte del proceso constituyente, con el objetivo de que la miner\u00eda siga siendo un promotor de desarrollo para toda la sociedad chilena.<\/p>\n","protected":false},"excerpt":{"rendered":"<p>La Sociedad Nacional de Miner\u00eda (SONAMI) ve con esperanza el acuerdo alcanzado por los l\u00edderes de los partidos pol\u00edticos para redactar una nueva Constituci\u00f3n, que&hellip; <\/p>\n","protected":false},"author":2,"featured_media":19612,"comment_status":"open","ping_status":"closed","sticky":false,"template":"","format":"standard","meta":{"footnotes":""},"categories":[34,37],"tags":[],"class_list":["post-19611","post","type-post","status-publish","format-standard","has-post-thumbnail","hentry","category-mineria","category-nacional"],"_links":{"self":[{"href":"https:\/\/www.radioamigavallenar.cl\/index.php?rest_route=\/wp\/v2\/posts\/19611","targetHints":{"allow":["GET"]}}],"collection":[{"href":"https:\/\/www.radioamigavallenar.cl\/index.php?rest_route=\/wp\/v2\/posts"}],"about":[{"href":"https:\/\/www.radioamigavallenar.cl\/index.php?rest_route=\/wp\/v2\/types\/post"}],"author":[{"embeddable":true,"href":"https:\/\/www.radioamigavallenar.cl\/index.php?rest_route=\/wp\/v2\/users\/2"}],"replies":[{"embeddable":true,"href":"https:\/\/www.radioamigavallenar.cl\/index.php?rest_route=%2Fwp%2Fv2%2Fcomments&post=19611"}],"version-history":[{"count":0,"href":"https:\/\/www.radioamigavallenar.cl\/index.php?rest_route=\/wp\/v2\/posts\/19611\/revisions"}],"wp:featuredmedia":[{"embeddable":true,"href":"https:\/\/www.radioamigavallenar.cl\/index.php?rest_route=\/wp\/v2\/media\/19612"}],"wp:attachment":[{"href":"https:\/\/www.radioamigavallenar.cl\/index.php?rest_route=%2Fwp%2Fv2%2Fmedia&parent=19611"}],"wp:term":[{"taxonomy":"category","embeddable":true,"href":"https:\/\/www.radioamigavallenar.cl\/index.php?rest_route=%2Fwp%2Fv2%2Fcategories&post=19611"},{"taxonomy":"post_tag","embeddable":true,"href":"https:\/\/www.radioamigavallenar.cl\/index.php?rest_route=%2Fwp%2Fv2%2Ftags&post=19611"}],"curies":[{"name":"wp","href":"https:\/\/api.w.org\/{rel}","templated":true}]}}