{"id":19608,"date":"2020-01-06T00:00:00","date_gmt":"2020-01-06T03:00:00","guid":{"rendered":"https:\/\/www.radioamigavallenar.cl\/?p=19608"},"modified":"2020-01-05T23:05:42","modified_gmt":"2020-01-06T02:05:42","slug":"intendente-urquieta-no-se-descarta-desalojo-de-liceos-tomados-por-jovenes-para-rendicion-de-la-psu","status":"publish","type":"post","link":"https:\/\/www.radioamigavallenar.cl\/?p=19608","title":{"rendered":"Intendente Urquieta \u201cNo se descarta desalojo de liceos tomados por j\u00f3venes para rendici\u00f3n de la PSU\u201d."},"content":{"rendered":"\n<figure class=\"wp-block-image size-large\"><img loading=\"lazy\" decoding=\"async\" width=\"710\" height=\"399\" src=\"https:\/\/www.radioamigavallenar.cl\/wp-content\/uploads\/2020\/01\/file_20200105100701.jpg\" alt=\"\" class=\"wp-image-19609\" srcset=\"https:\/\/www.radioamigavallenar.cl\/wp-content\/uploads\/2020\/01\/file_20200105100701.jpg 710w, https:\/\/www.radioamigavallenar.cl\/wp-content\/uploads\/2020\/01\/file_20200105100701-300x169.jpg 300w\" sizes=\"auto, (max-width: 710px) 100vw, 710px\" \/><\/figure>\n\n\n\n<p>Se eval\u00faa solicitar el uso de la fuerza p\u00fablica para tales efectos.<\/p>\n\n\n\n<p>El hecho ser\u00eda parte del llamado que realiz\u00f3 la Aces para \u00abboicotear\u00bb la rendici\u00f3n de la prueba que consideran \u00abno se puede rendir este a\u00f1o\u00bb.<\/p>\n\n\n\n<p>Al respecto el intendente de Atacama Patricio Urquieta Garc\u00eda se refiri\u00f3 a esta situaci\u00f3n indicando\u00a0 que tom\u00f3 conocimiento de la situaci\u00f3n en horas de la madrugada de este domingo a trav\u00e9s de los directores de los establecimientos que estaban tomados, se\u00f1alaron que eran pocos los alumnos que estaban al interior de los colegios. \u201cNo son m\u00e1s de diez o quince los alumnos que ingresaron a ambos donde se rendir\u00e1 la prueba,\u00a0 son diez j\u00f3venes en el Liceo Jos\u00e9 Antonio Carvajal y dos en el Liceo de Musica\u00bb, dijo.<\/p>\n\n\n\n<p>De no concertarse el uso de la fuerza p\u00fablica, se coordinaran otras acciones tendientes a buscar alternativas para que los alumnos rindan como corresponde esta prueba los d\u00edas lunes seis y martes siete de enero respectivamente, se\u00f1al\u00f3 la primera autoridad regional.<\/p>\n\n\n\n<p>El Intendente Urquieta sostuvo que junto al municipio de Copiap\u00f3 se informar\u00e1 oportunamente en el transcurso del d\u00eda a los estudiantes donde se realizar\u00e1 en definitiva.<\/p>\n\n\n\n<p>Recordar que son 2.806 los estudiantes que deber\u00e1n rendir la prueba en la regi\u00f3n de Atacama.<\/p>\n","protected":false},"excerpt":{"rendered":"<p>Se eval\u00faa solicitar el uso de la fuerza p\u00fablica para tales efectos. El hecho ser\u00eda parte del llamado que realiz\u00f3 la Aces para \u00abboicotear\u00bb la&hellip; <\/p>\n","protected":false},"author":2,"featured_media":19609,"comment_status":"open","ping_status":"closed","sticky":false,"template":"","format":"standard","meta":{"footnotes":""},"categories":[7],"tags":[],"class_list":["post-19608","post","type-post","status-publish","format-standard","has-post-thumbnail","hentry","category-atacama"],"_links":{"self":[{"href":"https:\/\/www.radioamigavallenar.cl\/index.php?rest_route=\/wp\/v2\/posts\/19608","targetHints":{"allow":["GET"]}}],"collection":[{"href":"https:\/\/www.radioamigavallenar.cl\/index.php?rest_route=\/wp\/v2\/posts"}],"about":[{"href":"https:\/\/www.radioamigavallenar.cl\/index.php?rest_route=\/wp\/v2\/types\/post"}],"author":[{"embeddable":true,"href":"https:\/\/www.radioamigavallenar.cl\/index.php?rest_route=\/wp\/v2\/users\/2"}],"replies":[{"embeddable":true,"href":"https:\/\/www.radioamigavallenar.cl\/index.php?rest_route=%2Fwp%2Fv2%2Fcomments&post=19608"}],"version-history":[{"count":0,"href":"https:\/\/www.radioamigavallenar.cl\/index.php?rest_route=\/wp\/v2\/posts\/19608\/revisions"}],"wp:featuredmedia":[{"embeddable":true,"href":"https:\/\/www.radioamigavallenar.cl\/index.php?rest_route=\/wp\/v2\/media\/19609"}],"wp:attachment":[{"href":"https:\/\/www.radioamigavallenar.cl\/index.php?rest_route=%2Fwp%2Fv2%2Fmedia&parent=19608"}],"wp:term":[{"taxonomy":"category","embeddable":true,"href":"https:\/\/www.radioamigavallenar.cl\/index.php?rest_route=%2Fwp%2Fv2%2Fcategories&post=19608"},{"taxonomy":"post_tag","embeddable":true,"href":"https:\/\/www.radioamigavallenar.cl\/index.php?rest_route=%2Fwp%2Fv2%2Ftags&post=19608"}],"curies":[{"name":"wp","href":"https:\/\/api.w.org\/{rel}","templated":true}]}}