{"id":19605,"date":"2020-01-06T00:01:00","date_gmt":"2020-01-06T03:01:00","guid":{"rendered":"https:\/\/www.radioamigavallenar.cl\/?p=19605"},"modified":"2020-01-05T23:14:49","modified_gmt":"2020-01-06T02:14:49","slug":"joven-fallece-en-accidente-vehicular-en-el-kilometro-560-cercano-a-la-comuna-de-vallenar","status":"publish","type":"post","link":"https:\/\/www.radioamigavallenar.cl\/?p=19605","title":{"rendered":"Joven fallece en accidente vehicular en el kilometro 560 cercano a la comuna de Vallenar"},"content":{"rendered":"\n<figure class=\"wp-block-image size-large\"><img loading=\"lazy\" decoding=\"async\" width=\"750\" height=\"400\" src=\"https:\/\/www.radioamigavallenar.cl\/wp-content\/uploads\/2020\/01\/accidente-un-fallecido.jpg\" alt=\"\" class=\"wp-image-19606\" srcset=\"https:\/\/www.radioamigavallenar.cl\/wp-content\/uploads\/2020\/01\/accidente-un-fallecido.jpg 750w, https:\/\/www.radioamigavallenar.cl\/wp-content\/uploads\/2020\/01\/accidente-un-fallecido-300x160.jpg 300w\" sizes=\"auto, (max-width: 750px) 100vw, 750px\" \/><\/figure>\n\n\n\n<p><strong>Las personas lesionadas fueron trasladadas hasta el hospital provincial de Vallenar.<\/strong><\/p>\n\n\n\n<p>Un accidente vehicular vehicular se registr\u00f3 aproximadamente a las 13:00 horas de este s\u00e1bado 4 de Enero, un veh\u00edculo patente CT PY 63, que se dirig\u00eda de sur a norte, volc\u00f3 en el lugar dejando a una persona fallecida y a otra lesionada.<\/p>\n\n\n\n<p><strong>Un muerto y dos heridos<\/strong>&nbsp;dej\u00f3 un accidente de tr\u00e1nsito en la&nbsp;<strong>Ruta 5 Norte,<\/strong>&nbsp;en el sector Domeyko, en la comuna de<strong>&nbsp;Vallenar.<\/strong><\/p>\n\n\n\n<p>Una persona falleci\u00f3 y otras dos resultaron gravemente lesionadas al volcar la camioneta en que viajaban a la altura del kil\u00f3metro 560 de la mencionada v\u00eda.<\/p>\n\n\n\n<p>El hecho se registr\u00f3 cuando el conductor del veh\u00edculo, que al parecer transitaba a exceso de velocidad, perdi\u00f3 el control de la m\u00e1quina volcando en la calzada.<\/p>\n\n\n\n<p>La camioneta accidentada fue encontrado por otros automovilistas que circulaban por la ruta, quienes dieron aviso a Carabineros.<\/p>\n\n\n\n<p>Una vez que se constituy\u00f3 en el lugar, la polic\u00eda uniformada constat\u00f3 la muerte de uno de los pasajeros de 22 a\u00f1os, quien estaba en la parte trasera de la cabina.<\/p>\n\n\n\n<p>Las otras dos personas, en tanto, fueron rescatadas por voluntarios de bomberos y derivadas con lesiones graves hasta el Hospital de Vallenar.<\/p>\n\n\n\n<p>Carabineros de la SIAT investigan las causas del accidente.<\/p>\n","protected":false},"excerpt":{"rendered":"<p>Las personas lesionadas fueron trasladadas hasta el hospital provincial de Vallenar. Un accidente vehicular vehicular se registr\u00f3 aproximadamente a las 13:00 horas de este s\u00e1bado&hellip; <\/p>\n","protected":false},"author":2,"featured_media":19606,"comment_status":"open","ping_status":"closed","sticky":false,"template":"","format":"standard","meta":{"footnotes":""},"categories":[6,1,2],"tags":[],"class_list":["post-19605","post","type-post","status-publish","format-standard","has-post-thumbnail","hentry","category-policial","category-provincia-del-huasco-2","category-vallenar"],"_links":{"self":[{"href":"https:\/\/www.radioamigavallenar.cl\/index.php?rest_route=\/wp\/v2\/posts\/19605","targetHints":{"allow":["GET"]}}],"collection":[{"href":"https:\/\/www.radioamigavallenar.cl\/index.php?rest_route=\/wp\/v2\/posts"}],"about":[{"href":"https:\/\/www.radioamigavallenar.cl\/index.php?rest_route=\/wp\/v2\/types\/post"}],"author":[{"embeddable":true,"href":"https:\/\/www.radioamigavallenar.cl\/index.php?rest_route=\/wp\/v2\/users\/2"}],"replies":[{"embeddable":true,"href":"https:\/\/www.radioamigavallenar.cl\/index.php?rest_route=%2Fwp%2Fv2%2Fcomments&post=19605"}],"version-history":[{"count":0,"href":"https:\/\/www.radioamigavallenar.cl\/index.php?rest_route=\/wp\/v2\/posts\/19605\/revisions"}],"wp:featuredmedia":[{"embeddable":true,"href":"https:\/\/www.radioamigavallenar.cl\/index.php?rest_route=\/wp\/v2\/media\/19606"}],"wp:attachment":[{"href":"https:\/\/www.radioamigavallenar.cl\/index.php?rest_route=%2Fwp%2Fv2%2Fmedia&parent=19605"}],"wp:term":[{"taxonomy":"category","embeddable":true,"href":"https:\/\/www.radioamigavallenar.cl\/index.php?rest_route=%2Fwp%2Fv2%2Fcategories&post=19605"},{"taxonomy":"post_tag","embeddable":true,"href":"https:\/\/www.radioamigavallenar.cl\/index.php?rest_route=%2Fwp%2Fv2%2Ftags&post=19605"}],"curies":[{"name":"wp","href":"https:\/\/api.w.org\/{rel}","templated":true}]}}