{"id":19602,"date":"2020-01-06T00:00:00","date_gmt":"2020-01-06T03:00:00","guid":{"rendered":"https:\/\/www.radioamigavallenar.cl\/?p=19602"},"modified":"2020-01-05T22:58:07","modified_gmt":"2020-01-06T01:58:07","slug":"confirman-cambio-en-lugares-de-rendicion-de-la-psu-en-copiapo","status":"publish","type":"post","link":"https:\/\/www.radioamigavallenar.cl\/?p=19602","title":{"rendered":"Confirman cambio en lugares de rendici\u00f3n de la PSU en Copiap\u00f3"},"content":{"rendered":"\n<figure class=\"wp-block-image size-large\"><img loading=\"lazy\" decoding=\"async\" width=\"660\" height=\"406\" src=\"https:\/\/www.radioamigavallenar.cl\/wp-content\/uploads\/2020\/01\/SALA-B-5-liceo-bicentenario-copiap\u00f3.jpg\" alt=\"\" class=\"wp-image-19603\" srcset=\"https:\/\/www.radioamigavallenar.cl\/wp-content\/uploads\/2020\/01\/SALA-B-5-liceo-bicentenario-copiap\u00f3.jpg 660w, https:\/\/www.radioamigavallenar.cl\/wp-content\/uploads\/2020\/01\/SALA-B-5-liceo-bicentenario-copiap\u00f3-300x185.jpg 300w\" sizes=\"auto, (max-width: 660px) 100vw, 660px\" \/><\/figure>\n\n\n\n<p>Liceo Mercedes Fritis y Escuela Bruno Zavala ser\u00e1n los establecimientos educaciones que albergar\u00e1n a los estudiantes que rindan la PSU Copiap\u00f3<br><\/p>\n\n\n\n<p>Tras amanecer en toma los establecimientos Jos\u00e9 Antonio Carvajal y Liceo de M\u00fasica. DEMRE confirm\u00f3 esta tarde que se cambiaron la redenci\u00f3n en dos establecimientos educaciones.<\/p>\n\n\n\n<p>Seg\u00fan Jorge Reyes, delegado del DEMRE en Copiap\u00f3 los nuevos establecimientos se encuentran en resguardo policial.<\/p>\n\n\n\n<p>Los estudiantes que realizaban su prueba en el Liceo Jos\u00e9 Antonio Carvajal fueron cambiados al Liceo Mercedes Fritis.<\/p>\n\n\n\n<p>Los estudiantes que realizaban su PSU en el Liceo de M\u00fasica fueron cambiados hasta la Escuela Bruno Zavala.<\/p>\n","protected":false},"excerpt":{"rendered":"<p>Liceo Mercedes Fritis y Escuela Bruno Zavala ser\u00e1n los establecimientos educaciones que albergar\u00e1n a los estudiantes que rindan la PSU Copiap\u00f3 Tras amanecer en toma&hellip; <\/p>\n","protected":false},"author":2,"featured_media":19603,"comment_status":"open","ping_status":"closed","sticky":false,"template":"","format":"standard","meta":{"footnotes":""},"categories":[7],"tags":[],"class_list":["post-19602","post","type-post","status-publish","format-standard","has-post-thumbnail","hentry","category-atacama"],"_links":{"self":[{"href":"https:\/\/www.radioamigavallenar.cl\/index.php?rest_route=\/wp\/v2\/posts\/19602","targetHints":{"allow":["GET"]}}],"collection":[{"href":"https:\/\/www.radioamigavallenar.cl\/index.php?rest_route=\/wp\/v2\/posts"}],"about":[{"href":"https:\/\/www.radioamigavallenar.cl\/index.php?rest_route=\/wp\/v2\/types\/post"}],"author":[{"embeddable":true,"href":"https:\/\/www.radioamigavallenar.cl\/index.php?rest_route=\/wp\/v2\/users\/2"}],"replies":[{"embeddable":true,"href":"https:\/\/www.radioamigavallenar.cl\/index.php?rest_route=%2Fwp%2Fv2%2Fcomments&post=19602"}],"version-history":[{"count":0,"href":"https:\/\/www.radioamigavallenar.cl\/index.php?rest_route=\/wp\/v2\/posts\/19602\/revisions"}],"wp:featuredmedia":[{"embeddable":true,"href":"https:\/\/www.radioamigavallenar.cl\/index.php?rest_route=\/wp\/v2\/media\/19603"}],"wp:attachment":[{"href":"https:\/\/www.radioamigavallenar.cl\/index.php?rest_route=%2Fwp%2Fv2%2Fmedia&parent=19602"}],"wp:term":[{"taxonomy":"category","embeddable":true,"href":"https:\/\/www.radioamigavallenar.cl\/index.php?rest_route=%2Fwp%2Fv2%2Fcategories&post=19602"},{"taxonomy":"post_tag","embeddable":true,"href":"https:\/\/www.radioamigavallenar.cl\/index.php?rest_route=%2Fwp%2Fv2%2Ftags&post=19602"}],"curies":[{"name":"wp","href":"https:\/\/api.w.org\/{rel}","templated":true}]}}