{"id":19593,"date":"2020-01-04T00:00:00","date_gmt":"2020-01-04T03:00:00","guid":{"rendered":"https:\/\/www.radioamigavallenar.cl\/?p=19593"},"modified":"2020-01-03T22:20:06","modified_gmt":"2020-01-04T01:20:06","slug":"familias-acusan-estafa-de-empresa-de-casas-prefabricadas-compania-se-defendio","status":"publish","type":"post","link":"https:\/\/www.radioamigavallenar.cl\/?p=19593","title":{"rendered":"Familias acusan estafa de empresa de casas prefabricadas: compa\u00f1\u00eda se defendi\u00f3"},"content":{"rendered":"\n<figure class=\"wp-block-image size-large\"><img loading=\"lazy\" decoding=\"async\" width=\"750\" height=\"400\" src=\"https:\/\/www.radioamigavallenar.cl\/wp-content\/uploads\/2020\/01\/casas-los-robles-750x400-1.jpg\" alt=\"\" class=\"wp-image-19594\" srcset=\"https:\/\/www.radioamigavallenar.cl\/wp-content\/uploads\/2020\/01\/casas-los-robles-750x400-1.jpg 750w, https:\/\/www.radioamigavallenar.cl\/wp-content\/uploads\/2020\/01\/casas-los-robles-750x400-1-300x160.jpg 300w\" sizes=\"auto, (max-width: 750px) 100vw, 750px\" \/><\/figure>\n\n\n\n<p>Decenas de familias de Los \u00c1ngeles&nbsp;<strong>acusaron una supuesta estafa realizada por la empresa Casas Los Robles<\/strong>, afirmando que tras pagar una millonaria cifra para obtener una vivienda prefabricada perdieron el contacto con la compa\u00f1\u00eda, sin saber qu\u00e9 pasar\u00e1 con su dinero y sus hogares.<\/p>\n\n\n\n<p>Seg\u00fan explicaron a La Radio, la empresa les indic\u00f3 a gran parte de ellas que tendr\u00edan el modelo adquirido en diciembre.<\/p>\n\n\n\n<p>Sin embargo, luego les dijeron que producto de la contingencia social habr\u00eda un retraso en el traslado de los materiales, por lo que&nbsp;<strong>se aplazar\u00eda la fecha de entrega para enero.<\/strong><\/p>\n\n\n\n<p>Una de las afectadas es Ingrid Espinoza, quien dijo que ayud\u00f3 a su madre de 82 a\u00f1os a comprar uno de los modelos, para irse a una parcela a cuidarla y poder disfrutar de la tranquilidad del campo. Sin embargo, actualmente siente culpa, ya que su mam\u00e1 vendi\u00f3 su casa en la ciudad, pensando en irse a su nueva vivienda.<\/p>\n\n\n\n<p>\u201cHabemos muchas familias que en este momento estamos estafadas. La casa la adquiri\u00f3 mi madre de 82 a\u00f1os, vendi\u00f3 su casa que tenia en la ciudad para irse a un campito pero resulta que&nbsp;<strong>va a quedar en la calle porque el 30 de este mes tiene que entregar su casa\u201d<\/strong>, expres\u00f3.<\/p>\n\n\n\n<p>\u201cMe siento culpable por haber venido a esta empresa, la cual investigu\u00e9 antes de comprar y pagu\u00e9 al contado con el dinero de la venta de la casa de mi madre\u201d, a\u00f1adi\u00f3.<\/p>\n\n\n\n<p>Otro de los tantos afectados es Victor Mart\u00ednez, quien reside en una localidad de Los Lagos, y decidi\u00f3 comprar dos casas con su hija en Los \u00c1ngeles. No obstante, durante este jueves viajaron hasta la sucursal para consultar por la entrega de sus viviendas, encontr\u00e1ndose con la empresa cerrada.<\/p>\n\n\n\n<p>Mart\u00ednez indic\u00f3 que consult\u00f3 en diferentes entidades sobre el estado de la compa\u00f1\u00eda, afirmando que no estar\u00eda en quiebra seg\u00fan la informaci\u00f3n que recab\u00f3.<\/p>\n\n\n\n<p>En tanto, Radio B\u00edo B\u00edo se contact\u00f3 con el encargado de la zona sur de Casas Los Robles, Carlos Silva, quien efectivamente&nbsp;<strong>descart\u00f3 un quiebre actual en la empresa y una posible estafa<\/strong>, aunque reconoci\u00f3 un retraso en la entrega de las viviendas.<\/p>\n\n\n\n<p>\u201cA mis clientes los he llamado, algunos entienden, algunos no (\u2026) nosotros como sucursal en el sur tenemos proyectado seguir funcionando porque hay muchos compromisos de entrega\u201d, explic\u00f3 el encargado sur.<\/p>\n\n\n\n<p>Silva tambi\u00e9n indic\u00f3 que estudian contratar m\u00e1s personal para agilizar la construcci\u00f3n de las viviendas, ya que de un monto semanal de 15 tuvo que aumentar a 24, lo cual no ten\u00eda considerado.<\/p>\n\n\n\n<figure class=\"wp-block-image\"><img decoding=\"async\" src=\"https:\/\/media.biobiochile.cl\/wp-content\/uploads\/2020\/01\/familias-acusan-estafa-1024x768.jpeg\" alt=\"Valentina Balboa | RBB\" class=\"wp-image-4416961\"\/><\/figure>\n","protected":false},"excerpt":{"rendered":"<p>Decenas de familias de Los \u00c1ngeles&nbsp;acusaron una supuesta estafa realizada por la empresa Casas Los Robles, afirmando que tras pagar una millonaria cifra para obtener&hellip; <\/p>\n","protected":false},"author":2,"featured_media":19594,"comment_status":"open","ping_status":"closed","sticky":false,"template":"","format":"standard","meta":{"footnotes":""},"categories":[37],"tags":[],"class_list":["post-19593","post","type-post","status-publish","format-standard","has-post-thumbnail","hentry","category-nacional"],"_links":{"self":[{"href":"https:\/\/www.radioamigavallenar.cl\/index.php?rest_route=\/wp\/v2\/posts\/19593","targetHints":{"allow":["GET"]}}],"collection":[{"href":"https:\/\/www.radioamigavallenar.cl\/index.php?rest_route=\/wp\/v2\/posts"}],"about":[{"href":"https:\/\/www.radioamigavallenar.cl\/index.php?rest_route=\/wp\/v2\/types\/post"}],"author":[{"embeddable":true,"href":"https:\/\/www.radioamigavallenar.cl\/index.php?rest_route=\/wp\/v2\/users\/2"}],"replies":[{"embeddable":true,"href":"https:\/\/www.radioamigavallenar.cl\/index.php?rest_route=%2Fwp%2Fv2%2Fcomments&post=19593"}],"version-history":[{"count":0,"href":"https:\/\/www.radioamigavallenar.cl\/index.php?rest_route=\/wp\/v2\/posts\/19593\/revisions"}],"wp:featuredmedia":[{"embeddable":true,"href":"https:\/\/www.radioamigavallenar.cl\/index.php?rest_route=\/wp\/v2\/media\/19594"}],"wp:attachment":[{"href":"https:\/\/www.radioamigavallenar.cl\/index.php?rest_route=%2Fwp%2Fv2%2Fmedia&parent=19593"}],"wp:term":[{"taxonomy":"category","embeddable":true,"href":"https:\/\/www.radioamigavallenar.cl\/index.php?rest_route=%2Fwp%2Fv2%2Fcategories&post=19593"},{"taxonomy":"post_tag","embeddable":true,"href":"https:\/\/www.radioamigavallenar.cl\/index.php?rest_route=%2Fwp%2Fv2%2Ftags&post=19593"}],"curies":[{"name":"wp","href":"https:\/\/api.w.org\/{rel}","templated":true}]}}