{"id":19590,"date":"2020-01-04T00:00:00","date_gmt":"2020-01-04T03:00:00","guid":{"rendered":"https:\/\/www.radioamigavallenar.cl\/?p=19590"},"modified":"2020-01-03T22:17:29","modified_gmt":"2020-01-04T01:17:29","slug":"en-plan-de-reestructuracion-abcdin-y-dijon-aprueban-nuevo-aumento-de-capital-por-10-000-millones","status":"publish","type":"post","link":"https:\/\/www.radioamigavallenar.cl\/?p=19590","title":{"rendered":"En plan de reestructuraci\u00f3n: Abcdin y Dijon aprueban nuevo aumento de capital por $10.000 millones"},"content":{"rendered":"\n<figure class=\"wp-block-image size-large\"><img loading=\"lazy\" decoding=\"async\" width=\"730\" height=\"350\" src=\"https:\/\/www.radioamigavallenar.cl\/wp-content\/uploads\/2020\/01\/abcdin.jpg\" alt=\"\" class=\"wp-image-19591\" srcset=\"https:\/\/www.radioamigavallenar.cl\/wp-content\/uploads\/2020\/01\/abcdin.jpg 730w, https:\/\/www.radioamigavallenar.cl\/wp-content\/uploads\/2020\/01\/abcdin-300x144.jpg 300w\" sizes=\"auto, (max-width: 730px) 100vw, 730px\" \/><\/figure>\n\n\n\n<p>Los accionistas de&nbsp;<strong>AD Retail<\/strong>&nbsp;aprobaron hoy un aumento de capital por $10.000 millones, con el fin de apoyar el plan de reorganizaci\u00f3n en marcha en sus filiales&nbsp;<strong>Abcdin y Dijon<\/strong>, como parte de un proceso de reestructuraci\u00f3n para lograr la viabilidad y as\u00ed evitar la quiebra.<\/p>\n\n\n\n<p>La decisi\u00f3n fue adoptada en junta extraordinaria de accionistas realizada en la ma\u00f1ana de este viernes, habiendo ya efectuado aumentos de capital por $43.000 millones en los \u00faltimos 2 a\u00f1os.<\/p>\n\n\n\n<p>En la junta extraordinaria de accionistas, y en b\u00fasqueda de eficiencias, tambi\u00e9n se acord\u00f3 reducir el n\u00famero de integrantes del directorio de 9 a 5. De esta forma, el directorio qued\u00f3 compuesto por Jaime Santa Cruz Negri, Pablo Santa Cruz Negri, Cristi\u00e1n Neely Barbieri, Pablo Turner Gonz\u00e1lez y Pablo Guerrero Ponce.<\/p>\n\n\n\n<p>El presidente del directorio de AD Retail, Jaime Santa Cruz, detall\u00f3 que \u201cen el \u00faltimo a\u00f1o hab\u00edamos implementado un agresivo plan de transformaci\u00f3n para lograr eficiencias y crecimientos acordes al negocio, cuando\u00a0<strong>fuimos duramente golpeados por la crisis de octubre \u00faltimo,<\/strong>\u00a0que impact\u00f3 en el nivel de ventas y restringi\u00f3 seriamente nuestro acceso a fuentes de financiamiento y flujo de caja para la operaci\u00f3n normal de ambas compa\u00f1\u00edas\u201d.<\/p>\n\n\n\n<p>Por su parte, el gerente general de AD Retail, Gonzalo Ceballos, recalc\u00f3 que \u201chasta ahora en nuestras operaciones en tiendas hemos logrado llegar a niveles de normalidad. El proceso de reorganizaci\u00f3n en marcha es una instancia legal para ordenarse y lograr apoyos financieros y de nuestros proveedores, por lo que esperamos que sea positivo para las empresas\u201d.<\/p>\n\n\n\n<p>Ceballos agreg\u00f3 que los pasivos totales de ABCDin y Dijon con terceros no relacionados, y descontado el pasivo por la nueva norma IFRS16, que corresponde a las rentas futuras por los contratos de arriendo, y las depreciaciones y amortizaciones acumuladas llegan a unos US$110 millones al mes de noviembre \u00faltimo. De \u00e9stos, cerca del 65% corresponde a cuentas por pagar comerciales (proveedores), el 15% a deuda financiera y el porcentaje restante a otros pasivos.<\/p>\n\n\n\n<p>De esta forma, explic\u00f3 que las cifras de pasivos totales informadas en los balances presentados al tribunal para solicitar el inicio del proceso de reorganizaci\u00f3n contienen varias partidas que deben ser depuradas para llegar a las cifras de deuda efectiva con terceros ya mencionadas.<br>Con fecha 27 de diciembre, AD Retail inform\u00f3 a la Comisi\u00f3n para el Mercado Financiero (CMF) que su directorio hab\u00eda acordado que sus filiales ABC Din y Dijon se sometan voluntariamente al Procedimiento de Reorganizaci\u00f3n Concursal de la Empresa Deudora, conforme lo regula la Ley 20.720. As\u00ed, a trav\u00e9s de este proceso de reorganizaci\u00f3n se busca materializar la reestructuraci\u00f3n de los pasivos y activos de ambas compa\u00f1\u00edas, con el objeto de hacerlas viables en el largo plazo.<\/p>\n\n\n\n<p><br><\/p>\n","protected":false},"excerpt":{"rendered":"<p>Los accionistas de&nbsp;AD Retail&nbsp;aprobaron hoy un aumento de capital por $10.000 millones, con el fin de apoyar el plan de reorganizaci\u00f3n en marcha en sus&hellip; <\/p>\n","protected":false},"author":2,"featured_media":19591,"comment_status":"open","ping_status":"closed","sticky":false,"template":"","format":"standard","meta":{"footnotes":""},"categories":[37],"tags":[],"class_list":["post-19590","post","type-post","status-publish","format-standard","has-post-thumbnail","hentry","category-nacional"],"_links":{"self":[{"href":"https:\/\/www.radioamigavallenar.cl\/index.php?rest_route=\/wp\/v2\/posts\/19590","targetHints":{"allow":["GET"]}}],"collection":[{"href":"https:\/\/www.radioamigavallenar.cl\/index.php?rest_route=\/wp\/v2\/posts"}],"about":[{"href":"https:\/\/www.radioamigavallenar.cl\/index.php?rest_route=\/wp\/v2\/types\/post"}],"author":[{"embeddable":true,"href":"https:\/\/www.radioamigavallenar.cl\/index.php?rest_route=\/wp\/v2\/users\/2"}],"replies":[{"embeddable":true,"href":"https:\/\/www.radioamigavallenar.cl\/index.php?rest_route=%2Fwp%2Fv2%2Fcomments&post=19590"}],"version-history":[{"count":0,"href":"https:\/\/www.radioamigavallenar.cl\/index.php?rest_route=\/wp\/v2\/posts\/19590\/revisions"}],"wp:featuredmedia":[{"embeddable":true,"href":"https:\/\/www.radioamigavallenar.cl\/index.php?rest_route=\/wp\/v2\/media\/19591"}],"wp:attachment":[{"href":"https:\/\/www.radioamigavallenar.cl\/index.php?rest_route=%2Fwp%2Fv2%2Fmedia&parent=19590"}],"wp:term":[{"taxonomy":"category","embeddable":true,"href":"https:\/\/www.radioamigavallenar.cl\/index.php?rest_route=%2Fwp%2Fv2%2Fcategories&post=19590"},{"taxonomy":"post_tag","embeddable":true,"href":"https:\/\/www.radioamigavallenar.cl\/index.php?rest_route=%2Fwp%2Fv2%2Ftags&post=19590"}],"curies":[{"name":"wp","href":"https:\/\/api.w.org\/{rel}","templated":true}]}}