{"id":19587,"date":"2020-01-04T00:00:00","date_gmt":"2020-01-04T03:00:00","guid":{"rendered":"https:\/\/www.radioamigavallenar.cl\/?p=19587"},"modified":"2020-01-03T22:14:55","modified_gmt":"2020-01-04T01:14:55","slug":"chile-firma-por-primera-vez-un-convenio-tributario-con-un-pais-del-golfo-persico","status":"publish","type":"post","link":"https:\/\/www.radioamigavallenar.cl\/?p=19587","title":{"rendered":"Chile firma por primera vez un convenio tributario con un pa\u00eds del Golfo P\u00e9rsico"},"content":{"rendered":"\n<figure class=\"wp-block-image size-large\"><img loading=\"lazy\" decoding=\"async\" width=\"750\" height=\"400\" src=\"https:\/\/www.radioamigavallenar.cl\/wp-content\/uploads\/2020\/01\/briones-saluda.jpg\" alt=\"\" class=\"wp-image-19588\" srcset=\"https:\/\/www.radioamigavallenar.cl\/wp-content\/uploads\/2020\/01\/briones-saluda.jpg 750w, https:\/\/www.radioamigavallenar.cl\/wp-content\/uploads\/2020\/01\/briones-saluda-300x160.jpg 300w\" sizes=\"auto, (max-width: 750px) 100vw, 750px\" \/><\/figure>\n\n\n\n<p><strong>Los&nbsp;despidos \u201cpor necesidades de la empresa\u201d&nbsp;no han dado tregua y desde que comenz\u00f3 la crisis social -el 18 de octubre- al 27 de diciembre de 2019&nbsp;llegaron a los 165.022.<\/strong><\/p>\n\n\n\n<p>Dicha causal se funda \u201cen circunstancias de car\u00e1cter t\u00e9cnico o bien de orden econ\u00f3mico, como son el cambio en las condiciones del mercado, la racionalizaci\u00f3n o modernizaci\u00f3n, que hagan necesaria la separaci\u00f3n de uno o m\u00e1s trabajadores\u201d.<\/p>\n\n\n\n<p>S\u00f3lo en el mes de&nbsp;<strong>diciembre hubo m\u00e1s de 90 mil despidos<\/strong>, seg\u00fan cifras de la Direcci\u00f3n del Trabajo (DT), que es m\u00e1s del doble que en igual periodo de 2018.<\/p>\n","protected":false},"excerpt":{"rendered":"<p>Los&nbsp;despidos \u201cpor necesidades de la empresa\u201d&nbsp;no han dado tregua y desde que comenz\u00f3 la crisis social -el 18 de octubre- al 27 de diciembre de&hellip; <\/p>\n","protected":false},"author":2,"featured_media":19588,"comment_status":"open","ping_status":"closed","sticky":false,"template":"","format":"standard","meta":{"footnotes":""},"categories":[37],"tags":[],"class_list":["post-19587","post","type-post","status-publish","format-standard","has-post-thumbnail","hentry","category-nacional"],"_links":{"self":[{"href":"https:\/\/www.radioamigavallenar.cl\/index.php?rest_route=\/wp\/v2\/posts\/19587","targetHints":{"allow":["GET"]}}],"collection":[{"href":"https:\/\/www.radioamigavallenar.cl\/index.php?rest_route=\/wp\/v2\/posts"}],"about":[{"href":"https:\/\/www.radioamigavallenar.cl\/index.php?rest_route=\/wp\/v2\/types\/post"}],"author":[{"embeddable":true,"href":"https:\/\/www.radioamigavallenar.cl\/index.php?rest_route=\/wp\/v2\/users\/2"}],"replies":[{"embeddable":true,"href":"https:\/\/www.radioamigavallenar.cl\/index.php?rest_route=%2Fwp%2Fv2%2Fcomments&post=19587"}],"version-history":[{"count":0,"href":"https:\/\/www.radioamigavallenar.cl\/index.php?rest_route=\/wp\/v2\/posts\/19587\/revisions"}],"wp:featuredmedia":[{"embeddable":true,"href":"https:\/\/www.radioamigavallenar.cl\/index.php?rest_route=\/wp\/v2\/media\/19588"}],"wp:attachment":[{"href":"https:\/\/www.radioamigavallenar.cl\/index.php?rest_route=%2Fwp%2Fv2%2Fmedia&parent=19587"}],"wp:term":[{"taxonomy":"category","embeddable":true,"href":"https:\/\/www.radioamigavallenar.cl\/index.php?rest_route=%2Fwp%2Fv2%2Fcategories&post=19587"},{"taxonomy":"post_tag","embeddable":true,"href":"https:\/\/www.radioamigavallenar.cl\/index.php?rest_route=%2Fwp%2Fv2%2Ftags&post=19587"}],"curies":[{"name":"wp","href":"https:\/\/api.w.org\/{rel}","templated":true}]}}