{"id":19581,"date":"2020-01-04T00:00:00","date_gmt":"2020-01-04T03:00:00","guid":{"rendered":"https:\/\/www.radioamigavallenar.cl\/?p=19581"},"modified":"2020-01-03T22:11:56","modified_gmt":"2020-01-04T01:11:56","slug":"adultos-mayores-del-hogar-nuestra-senora-de-la-candelaria-de-copiapo-reciben-la-visita-de-autoridades-regionales","status":"publish","type":"post","link":"https:\/\/www.radioamigavallenar.cl\/?p=19581","title":{"rendered":"Adultos mayores del Hogar Nuestra Se\u00f1ora de la Candelaria de Copiap\u00f3 reciben la visita de autoridades regionales"},"content":{"rendered":"\n<figure class=\"wp-block-image size-large\"><img loading=\"lazy\" decoding=\"async\" width=\"750\" height=\"400\" src=\"https:\/\/www.radioamigavallenar.cl\/wp-content\/uploads\/2020\/01\/basauf.jpg\" alt=\"\" class=\"wp-image-19582\" srcset=\"https:\/\/www.radioamigavallenar.cl\/wp-content\/uploads\/2020\/01\/basauf.jpg 750w, https:\/\/www.radioamigavallenar.cl\/wp-content\/uploads\/2020\/01\/basauf-300x160.jpg 300w\" sizes=\"auto, (max-width: 750px) 100vw, 750px\" \/><\/figure>\n\n\n\n<p><strong>La cita, dirigida por la Gobernadora Provincial, Paulina Bassaure y el seremi de Desarrollo Social y Familia, Luis Morales, tuvo como objetivo escuchar las necesidades de los adultos mayores y poder acompa\u00f1arlos en sus quehaceres diarios.<\/strong><\/p>\n\n\n\n<p>Hasta el Hogar Nuestra Se\u00f1ora de la Candelaria de Copiap\u00f3, se traslad\u00f3 la Gobernadora Provincial, Paulina Bassaure en compa\u00f1\u00eda del seremi de Desarrollo Social y Familia, Luis Morales, el secretario regional ministerial de Econom\u00eda, Fomento y Turismo, Manuel Nanjar\u00ed, el seremi subrogante de Salud, Basti\u00e1n Hermosilla y la coordinadora regional de Senama, Ada Bassi, con la intenci\u00f3n de estrechar lazos y escuchar las necesidades de los m\u00e1s de 70 adultos mayores que all\u00ed habitan.<\/p>\n\n\n\n<p>Una visita que tambi\u00e9n permiti\u00f3 reunirse con la encargada y Madre Luciana Abanto, donde se conversaron puntos relevantes en relaci\u00f3n a la salud, infraestructura, seguridad y diversi\u00f3n del centenar de adultos mayores que se encuentran en las instalaciones.<\/p>\n\n\n\n<p>En este sentido, la Gobernadora de la Provincia de Copiap\u00f3, Paulina Bassaure, manifest\u00f3 que \u201ces profundamente importante para el Gobierno del Presidente Sebasti\u00e1n Pi\u00f1era seguir preocup\u00e1ndonos y ocup\u00e1ndonos de las necesidades de nuestros adultos mayores, dedicando unos minutos para compartir y escuchar sus necesidades, recordando el rol tan importante que han tenido en la vida de cada uno de nosotros y de las nuevas generaciones. Por ello, en diciembre las pensiones solidarias de todos los adultos mayores se incrementaron para llegar al a\u00f1o 2022 con un aumento general de un 50%, se rebaj\u00f3 a la mitad el precio del transporte p\u00fablico para los adultos mayores y estamos trabajando para rebajar el precio de los medicamentos, que junto a otras iniciativas son un compromiso de nuestro Gobierno por un Chile m\u00e1s justo y solidario\u201d.<\/p>\n\n\n\n<p>Asimismo, el seremi de Desarrollo Social y Familia, Luis Morales Vergara, se refiri\u00f3 a la gran responsabilidad que se tiene con los adultos mayores a nivel regional y nacional. \u201cEste a\u00f1o 2020 nos depara grandes desaf\u00edo como Gobierno y Ministerio, es por ello que no quisimos dejar pasar los d\u00edas y nos reunimos, inmediatamente, con los adultos mayores de este destacado Hogar a nivel regional, donde pudimos ver su realidad, escuchar sus an\u00e9cdotas y saber qu\u00e9 es lo que esperan de nosotros. El Presidente Sebasti\u00e1n Pi\u00f1era y la nueva agenda social apuntan fuertemente a entregar una mejor vida a nuestros&nbsp; adultos mayores, por lo que debemos trabajar desde ya en pos de los que m\u00e1s lo necesitan\u201d.<\/p>\n\n\n\n<p>En tanto, Karime Aracena, asistente social del Hogar Nuestra Se\u00f1ora de la Candelaria, agradeci\u00f3 la instancia \u201ces un agradecimiento hacia las autoridades que asistieron, donde pudieron conocer en terreno cual es el trabajo que se realiza en el hogar diariamente, donde comienzan a requerir m\u00e1s atenciones, m\u00e1s cuidados y m\u00e1s personal que pueda brindarle lo necesario. Por eso, el trabajo colaborativo y mancomunados que cada uno se\u00f1al\u00f3 pueden realizar con el hogar desde sus servicios, es de suma ayuda, m\u00e1s si es a trav\u00e9s de estas acciones sociales y de las pol\u00edticas p\u00fablicas de promoci\u00f3n de los derechos de los adultos mayores, para que puedan tener cambios dirigidos y con ello su calidad de vida sea mejor con cambios verdaderos en estas instituciones\u201d.<\/p>\n\n\n\n<p>Una reuni\u00f3n y visita que deja buenas sensaciones para futuros trabajos colaborativos, teniendo como eje principal el bienestar de los adultos mayores que viven en el Hogar Nuestra Se\u00f1ora de la Candelaria de Copiap\u00f3 y que cuentan con la ayuda de enfermeras y asistentes.<\/p>\n","protected":false},"excerpt":{"rendered":"<p>La cita, dirigida por la Gobernadora Provincial, Paulina Bassaure y el seremi de Desarrollo Social y Familia, Luis Morales, tuvo como objetivo escuchar las necesidades&hellip; <\/p>\n","protected":false},"author":2,"featured_media":19582,"comment_status":"open","ping_status":"closed","sticky":false,"template":"","format":"standard","meta":{"footnotes":""},"categories":[7],"tags":[],"class_list":["post-19581","post","type-post","status-publish","format-standard","has-post-thumbnail","hentry","category-atacama"],"_links":{"self":[{"href":"https:\/\/www.radioamigavallenar.cl\/index.php?rest_route=\/wp\/v2\/posts\/19581","targetHints":{"allow":["GET"]}}],"collection":[{"href":"https:\/\/www.radioamigavallenar.cl\/index.php?rest_route=\/wp\/v2\/posts"}],"about":[{"href":"https:\/\/www.radioamigavallenar.cl\/index.php?rest_route=\/wp\/v2\/types\/post"}],"author":[{"embeddable":true,"href":"https:\/\/www.radioamigavallenar.cl\/index.php?rest_route=\/wp\/v2\/users\/2"}],"replies":[{"embeddable":true,"href":"https:\/\/www.radioamigavallenar.cl\/index.php?rest_route=%2Fwp%2Fv2%2Fcomments&post=19581"}],"version-history":[{"count":0,"href":"https:\/\/www.radioamigavallenar.cl\/index.php?rest_route=\/wp\/v2\/posts\/19581\/revisions"}],"wp:featuredmedia":[{"embeddable":true,"href":"https:\/\/www.radioamigavallenar.cl\/index.php?rest_route=\/wp\/v2\/media\/19582"}],"wp:attachment":[{"href":"https:\/\/www.radioamigavallenar.cl\/index.php?rest_route=%2Fwp%2Fv2%2Fmedia&parent=19581"}],"wp:term":[{"taxonomy":"category","embeddable":true,"href":"https:\/\/www.radioamigavallenar.cl\/index.php?rest_route=%2Fwp%2Fv2%2Fcategories&post=19581"},{"taxonomy":"post_tag","embeddable":true,"href":"https:\/\/www.radioamigavallenar.cl\/index.php?rest_route=%2Fwp%2Fv2%2Ftags&post=19581"}],"curies":[{"name":"wp","href":"https:\/\/api.w.org\/{rel}","templated":true}]}}