{"id":19578,"date":"2020-01-04T00:00:00","date_gmt":"2020-01-04T03:00:00","guid":{"rendered":"https:\/\/www.radioamigavallenar.cl\/?p=19578"},"modified":"2020-01-03T22:10:02","modified_gmt":"2020-01-04T01:10:02","slug":"no-se-puede-rendir-secundarios-confirman-protestas-y-funas-los-dias-de-la-psu","status":"publish","type":"post","link":"https:\/\/www.radioamigavallenar.cl\/?p=19578","title":{"rendered":"\u00abNo se puede rendir\u00bb: secundarios confirman protestas y funas los d\u00edas de la PSU"},"content":{"rendered":"\n<figure class=\"wp-block-image size-large\"><img loading=\"lazy\" decoding=\"async\" width=\"940\" height=\"585\" src=\"https:\/\/www.radioamigavallenar.cl\/wp-content\/uploads\/2020\/01\/PSU.jpg\" alt=\"\" class=\"wp-image-19579\" srcset=\"https:\/\/www.radioamigavallenar.cl\/wp-content\/uploads\/2020\/01\/PSU.jpg 940w, https:\/\/www.radioamigavallenar.cl\/wp-content\/uploads\/2020\/01\/PSU-300x187.jpg 300w, https:\/\/www.radioamigavallenar.cl\/wp-content\/uploads\/2020\/01\/PSU-768x478.jpg 768w\" sizes=\"auto, (max-width: 940px) 100vw, 940px\" \/><\/figure>\n\n\n\n<p>La ACES dijo que los secundarios \u00absomos los que levantamos las movilizaciones que hoy d\u00eda han ocurrido en nuestro pa\u00eds, y es por lo mismo que no hemos estado estudiando\u00bb.<\/p>\n\n\n\n<p>La&nbsp;<strong>Asamblea Coordinadora de Estudiantes Secundarios de Chile (ACES)<\/strong>&nbsp;confirm\u00f3 la realizaci\u00f3n de protestas y funas los d\u00edas 6 y 7 de enero, con el fin de boicotear la Prueba de Selecci\u00f3n Universitaria (PSU).<\/p>\n\n\n\n<p>De acuerdo a lo detallado por la organizaci\u00f3n,<strong>&nbsp;\u00abesta prueba no se puede rendir\u00bb<\/strong>, argumentando que los estudiantes no han tenido las condiciones necesarias de preparaci\u00f3n adem\u00e1s de no estar de acuerdo con la misma.<\/p>\n\n\n\n<p><strong>Ayel\u00e9n Salgado<\/strong>, una de las voceras de la ACES, dijo que los secundarios \u00absomos los que levantamos las movilizaciones que hoy d\u00eda han ocurrido en nuestro pa\u00eds, y es por lo mismo que no hemos estado estudiando\u00bb.<\/p>\n\n\n\n<p>\u00abPretenden que ahora demos la prueba cuando hay compa\u00f1eros presos, otros que perdieron sus ojos, ni\u00f1as que han sido violadas, otros compa\u00f1eros muertos y familias que no tienen a sus hijo. Quieren imponer una normalidad que hoy no existe\u00bb, complement\u00f3.<\/p>\n\n\n\n<p>Asimismo, V\u00edctor Chanfreau, otro vocero de la agrupaci\u00f3n, critic\u00f3 el actual sistema educativo, el cual, a su juicio, es&nbsp;<strong>\u00abprofundamente segregador y que viene a mercantilizar la educaci\u00f3n\u00bb.<\/strong><\/p>\n\n\n\n<p>La ACES insisti\u00f3 en que se debe implantar una modalidad de selecci\u00f3n que deje fuera tanto las notas de ense\u00f1anza media como el ranking de notas y la misma PSU.<\/p>\n","protected":false},"excerpt":{"rendered":"<p>La ACES dijo que los secundarios \u00absomos los que levantamos las movilizaciones que hoy d\u00eda han ocurrido en nuestro pa\u00eds, y es por lo mismo&hellip; <\/p>\n","protected":false},"author":2,"featured_media":19579,"comment_status":"open","ping_status":"closed","sticky":false,"template":"","format":"standard","meta":{"footnotes":""},"categories":[7,37],"tags":[],"class_list":["post-19578","post","type-post","status-publish","format-standard","has-post-thumbnail","hentry","category-atacama","category-nacional"],"_links":{"self":[{"href":"https:\/\/www.radioamigavallenar.cl\/index.php?rest_route=\/wp\/v2\/posts\/19578","targetHints":{"allow":["GET"]}}],"collection":[{"href":"https:\/\/www.radioamigavallenar.cl\/index.php?rest_route=\/wp\/v2\/posts"}],"about":[{"href":"https:\/\/www.radioamigavallenar.cl\/index.php?rest_route=\/wp\/v2\/types\/post"}],"author":[{"embeddable":true,"href":"https:\/\/www.radioamigavallenar.cl\/index.php?rest_route=\/wp\/v2\/users\/2"}],"replies":[{"embeddable":true,"href":"https:\/\/www.radioamigavallenar.cl\/index.php?rest_route=%2Fwp%2Fv2%2Fcomments&post=19578"}],"version-history":[{"count":0,"href":"https:\/\/www.radioamigavallenar.cl\/index.php?rest_route=\/wp\/v2\/posts\/19578\/revisions"}],"wp:featuredmedia":[{"embeddable":true,"href":"https:\/\/www.radioamigavallenar.cl\/index.php?rest_route=\/wp\/v2\/media\/19579"}],"wp:attachment":[{"href":"https:\/\/www.radioamigavallenar.cl\/index.php?rest_route=%2Fwp%2Fv2%2Fmedia&parent=19578"}],"wp:term":[{"taxonomy":"category","embeddable":true,"href":"https:\/\/www.radioamigavallenar.cl\/index.php?rest_route=%2Fwp%2Fv2%2Fcategories&post=19578"},{"taxonomy":"post_tag","embeddable":true,"href":"https:\/\/www.radioamigavallenar.cl\/index.php?rest_route=%2Fwp%2Fv2%2Ftags&post=19578"}],"curies":[{"name":"wp","href":"https:\/\/api.w.org\/{rel}","templated":true}]}}