{"id":19566,"date":"2020-01-04T00:00:00","date_gmt":"2020-01-04T03:00:00","guid":{"rendered":"https:\/\/www.radioamigavallenar.cl\/?p=19566"},"modified":"2020-01-03T22:03:49","modified_gmt":"2020-01-04T01:03:49","slug":"con-charlas-recordaran-los-161-anos-de-la-revolucion-constituyente-de-atacama","status":"publish","type":"post","link":"https:\/\/www.radioamigavallenar.cl\/?p=19566","title":{"rendered":"Con charlas recordar\u00e1n los 161 a\u00f1os de la revoluci\u00f3n Constituyente de Atacama"},"content":{"rendered":"\n<figure class=\"wp-block-image size-large\"><img loading=\"lazy\" decoding=\"async\" width=\"1024\" height=\"576\" src=\"https:\/\/www.radioamigavallenar.cl\/wp-content\/uploads\/2020\/01\/peso-constituyente-1024x576.jpg\" alt=\"\" class=\"wp-image-19567\" srcset=\"https:\/\/www.radioamigavallenar.cl\/wp-content\/uploads\/2020\/01\/peso-constituyente-1024x576.jpg 1024w, https:\/\/www.radioamigavallenar.cl\/wp-content\/uploads\/2020\/01\/peso-constituyente-300x169.jpg 300w, https:\/\/www.radioamigavallenar.cl\/wp-content\/uploads\/2020\/01\/peso-constituyente-768x432.jpg 768w, https:\/\/www.radioamigavallenar.cl\/wp-content\/uploads\/2020\/01\/peso-constituyente.jpg 1280w\" sizes=\"auto, (max-width: 1024px) 100vw, 1024px\" \/><\/figure>\n\n\n\n<p>Actividad se desarrollar\u00e1 el seis de enero en el museo regional de Atacama.<\/p>\n\n\n\n<p>Seg\u00fan lo indicado por Guillermo Cort\u00e9s Lutz director del museo regional de Atacama , \u00abel a\u00f1o pasado, se cumplieron los 160 a\u00f1os de la Revoluci\u00f3n , hito que a pesar de su gran importancia para la historia de Chile, y cuyo principal actor fue la provincia de Atacama, este paso desapercibido, no fue considerado en el calendario escolar, como tampoco hubo menci\u00f3n de el, en el mundo universitario de la regi\u00f3n\u00bb.<\/p>\n\n\n\n<p>\u00abEste a\u00f1o, en el Museo Regional de Atacama, haremos un peque\u00f1o recordatorio, el d\u00eda 6 de enero, a las 11:00 horas. Elegimos esa fecha, porque fue el d\u00eda que asumi\u00f3 como Intendente de Atacama, Pedro Le\u00f3n Gallo, y como Secretario de la Intendencia el periodista Jos\u00e9 Nicol\u00e1s Mujica\u00bb, dijo Cort\u00e9s Lutz.<\/p>\n\n\n\n<p>\u00abSin duda, esta conferencia abordar\u00e1 las evidentes coincidencias entre el movimiento rebelde de Atacama, y los suceso ocurridos en Chile, desde el 18 de octubre y que contin\u00faan hasta hoy\u00bb, se\u00f1al\u00f3 el director del museo regional de Atacama.<\/p>\n\n\n\n<p><strong>La charla tendr\u00e1 como tem\u00e1tica:<\/strong><\/p>\n\n\n\n<p>1.- La Revoluci\u00f3n Constituyente, Los Juicios Post Revolucionarios, dictada<br>por el Profesor Acad\u00e9mico de la UDA, Francisco Berrios Drolett.<\/p>\n\n\n\n<p>2.- Cronolog\u00eda de la Revoluci\u00f3n Constituyente, dictada por el profesor<br>Doctor Guillermo Cortes Lutz.<\/p>\n","protected":false},"excerpt":{"rendered":"<p>Actividad se desarrollar\u00e1 el seis de enero en el museo regional de Atacama. Seg\u00fan lo indicado por Guillermo Cort\u00e9s Lutz director del museo regional de&hellip; <\/p>\n","protected":false},"author":2,"featured_media":19567,"comment_status":"open","ping_status":"closed","sticky":false,"template":"","format":"standard","meta":{"footnotes":""},"categories":[7],"tags":[],"class_list":["post-19566","post","type-post","status-publish","format-standard","has-post-thumbnail","hentry","category-atacama"],"_links":{"self":[{"href":"https:\/\/www.radioamigavallenar.cl\/index.php?rest_route=\/wp\/v2\/posts\/19566","targetHints":{"allow":["GET"]}}],"collection":[{"href":"https:\/\/www.radioamigavallenar.cl\/index.php?rest_route=\/wp\/v2\/posts"}],"about":[{"href":"https:\/\/www.radioamigavallenar.cl\/index.php?rest_route=\/wp\/v2\/types\/post"}],"author":[{"embeddable":true,"href":"https:\/\/www.radioamigavallenar.cl\/index.php?rest_route=\/wp\/v2\/users\/2"}],"replies":[{"embeddable":true,"href":"https:\/\/www.radioamigavallenar.cl\/index.php?rest_route=%2Fwp%2Fv2%2Fcomments&post=19566"}],"version-history":[{"count":0,"href":"https:\/\/www.radioamigavallenar.cl\/index.php?rest_route=\/wp\/v2\/posts\/19566\/revisions"}],"wp:featuredmedia":[{"embeddable":true,"href":"https:\/\/www.radioamigavallenar.cl\/index.php?rest_route=\/wp\/v2\/media\/19567"}],"wp:attachment":[{"href":"https:\/\/www.radioamigavallenar.cl\/index.php?rest_route=%2Fwp%2Fv2%2Fmedia&parent=19566"}],"wp:term":[{"taxonomy":"category","embeddable":true,"href":"https:\/\/www.radioamigavallenar.cl\/index.php?rest_route=%2Fwp%2Fv2%2Fcategories&post=19566"},{"taxonomy":"post_tag","embeddable":true,"href":"https:\/\/www.radioamigavallenar.cl\/index.php?rest_route=%2Fwp%2Fv2%2Ftags&post=19566"}],"curies":[{"name":"wp","href":"https:\/\/api.w.org\/{rel}","templated":true}]}}