{"id":19515,"date":"2020-01-02T00:00:00","date_gmt":"2020-01-02T03:00:00","guid":{"rendered":"https:\/\/www.radioamigavallenar.cl\/?p=19515"},"modified":"2020-01-01T22:13:40","modified_gmt":"2020-01-02T01:13:40","slug":"aces-anuncia-movilizaciones-ante-negativa-del-consejo-de-rectores-de-aplazar-rendicion-de-la-psu","status":"publish","type":"post","link":"https:\/\/www.radioamigavallenar.cl\/?p=19515","title":{"rendered":"ACES anuncia movilizaciones ante negativa del Consejo de Rectores de aplazar rendici\u00f3n de la PSU"},"content":{"rendered":"\n<figure class=\"wp-block-image size-large\"><img loading=\"lazy\" decoding=\"async\" width=\"750\" height=\"400\" src=\"https:\/\/www.radioamigavallenar.cl\/wp-content\/uploads\/2020\/01\/a_uno_1015798-750x400-1.jpg\" alt=\"\" class=\"wp-image-19516\" srcset=\"https:\/\/www.radioamigavallenar.cl\/wp-content\/uploads\/2020\/01\/a_uno_1015798-750x400-1.jpg 750w, https:\/\/www.radioamigavallenar.cl\/wp-content\/uploads\/2020\/01\/a_uno_1015798-750x400-1-300x160.jpg 300w\" sizes=\"auto, (max-width: 750px) 100vw, 750px\" \/><\/figure>\n\n\n\n<p>La\u00a0Asamblea Coordinadora de Estudiantes Secundarios\u00a0anunci\u00f3 movilizaciones para este pr\u00f3ximo 6 y 7 de enero ante la negativa del\u00a0Consejo de Rectores de la Universidades Chilenas\u00a0de no aplazar la rendici\u00f3n de la\u00a0PSU<strong>.<\/strong><\/p>\n\n\n\n<p>Este jueves vence el plazo que la ACES dio como ultim\u00e1tum para que el Consejo de Rectores postergar la Prueba de Selecci\u00f3n Universitaria, a ra\u00edz de los efectos que ha dejado la crisis social en el \u00e1mbito educacional.<\/p>\n\n\n\n<p>Seg\u00fan explic\u00f3 su vocero, V\u00edctor Chanfreau, no se encuentran las condiciones \u00f3ptimas para rendir el examen, dados los casos de estudiantes lesionados por fuerzas policiales en el marco de las manifestaciones.<\/p>\n\n\n\n<p>Por esta raz\u00f3n la agrupaci\u00f3n estudiantil propuso desarrollar en conjunto con el Demre y la comunidad educativa un sistema especial para la admisi\u00f3n a la educaci\u00f3n superior de este a\u00f1o.<\/p>\n\n\n\n<p>No obstante, la propuesta fue descartada por el\u00a0vicepresidente del Cruch, Aldo Valle,\u00a0por considerarla tard\u00eda.<\/p>\n\n\n\n<p>Ante esta negativa y como una forma de manifestarse contra el sistema de evaluaci\u00f3n, Chanfreau anunci\u00f3 movilizaciones a nivel nacional para el pr\u00f3ximo 6 y 7 de enero, fechas en que se rendir\u00e1 la PSU.<\/p>\n\n\n\n<p>La presidenta de la Federaci\u00f3n de Estudiantes de la Universidad de Chile, Emilia Schneider, sostuvo que la prueba no hace m\u00e1s que perpetuar la desigualdad, puesto que reproduce sesgos socioecon\u00f3micos y de g\u00e9nero.<\/p>\n\n\n\n<p>Destacar que unas de las demandas emblem\u00e1ticas de los estudiantes secundarios desde el inicio de la denominada Revoluci\u00f3n Ping\u00fcina en 2006, es el cambio al sistema de ingreso a la educaci\u00f3n superior y la eliminaci\u00f3n de las pruebas estandarizadas.<\/p>\n","protected":false},"excerpt":{"rendered":"<p>La\u00a0Asamblea Coordinadora de Estudiantes Secundarios\u00a0anunci\u00f3 movilizaciones para este pr\u00f3ximo 6 y 7 de enero ante la negativa del\u00a0Consejo de Rectores de la Universidades Chilenas\u00a0de no&hellip; <\/p>\n","protected":false},"author":2,"featured_media":19516,"comment_status":"open","ping_status":"closed","sticky":false,"template":"","format":"standard","meta":{"footnotes":""},"categories":[37],"tags":[],"class_list":["post-19515","post","type-post","status-publish","format-standard","has-post-thumbnail","hentry","category-nacional"],"_links":{"self":[{"href":"https:\/\/www.radioamigavallenar.cl\/index.php?rest_route=\/wp\/v2\/posts\/19515","targetHints":{"allow":["GET"]}}],"collection":[{"href":"https:\/\/www.radioamigavallenar.cl\/index.php?rest_route=\/wp\/v2\/posts"}],"about":[{"href":"https:\/\/www.radioamigavallenar.cl\/index.php?rest_route=\/wp\/v2\/types\/post"}],"author":[{"embeddable":true,"href":"https:\/\/www.radioamigavallenar.cl\/index.php?rest_route=\/wp\/v2\/users\/2"}],"replies":[{"embeddable":true,"href":"https:\/\/www.radioamigavallenar.cl\/index.php?rest_route=%2Fwp%2Fv2%2Fcomments&post=19515"}],"version-history":[{"count":0,"href":"https:\/\/www.radioamigavallenar.cl\/index.php?rest_route=\/wp\/v2\/posts\/19515\/revisions"}],"wp:featuredmedia":[{"embeddable":true,"href":"https:\/\/www.radioamigavallenar.cl\/index.php?rest_route=\/wp\/v2\/media\/19516"}],"wp:attachment":[{"href":"https:\/\/www.radioamigavallenar.cl\/index.php?rest_route=%2Fwp%2Fv2%2Fmedia&parent=19515"}],"wp:term":[{"taxonomy":"category","embeddable":true,"href":"https:\/\/www.radioamigavallenar.cl\/index.php?rest_route=%2Fwp%2Fv2%2Fcategories&post=19515"},{"taxonomy":"post_tag","embeddable":true,"href":"https:\/\/www.radioamigavallenar.cl\/index.php?rest_route=%2Fwp%2Fv2%2Ftags&post=19515"}],"curies":[{"name":"wp","href":"https:\/\/api.w.org\/{rel}","templated":true}]}}