{"id":19511,"date":"2020-01-02T00:00:00","date_gmt":"2020-01-02T03:00:00","guid":{"rendered":"https:\/\/www.radioamigavallenar.cl\/?p=19511"},"modified":"2020-01-01T22:09:56","modified_gmt":"2020-01-02T01:09:56","slug":"sii-reitera-que-desde-el-1-de-enero-la-retencion-de-boletas-de-honorarios-sube-a-1075","status":"publish","type":"post","link":"https:\/\/www.radioamigavallenar.cl\/?p=19511","title":{"rendered":"SII reitera que desde el 1 de enero la retenci\u00f3n de boletas de honorarios sube a 10,75%"},"content":{"rendered":"\n<figure class=\"wp-block-image size-large\"><img loading=\"lazy\" decoding=\"async\" width=\"750\" height=\"400\" src=\"https:\/\/www.radioamigavallenar.cl\/wp-content\/uploads\/2020\/01\/sii.jpg\" alt=\"\" class=\"wp-image-19512\" srcset=\"https:\/\/www.radioamigavallenar.cl\/wp-content\/uploads\/2020\/01\/sii.jpg 750w, https:\/\/www.radioamigavallenar.cl\/wp-content\/uploads\/2020\/01\/sii-300x160.jpg 300w\" sizes=\"auto, (max-width: 750px) 100vw, 750px\" \/><\/figure>\n\n\n\n<p><strong>El Servicio de Impuestos Internos (SII)\u00a0reiter\u00f3 el recordatorio\u00a0que emiti\u00f3 el viernes 27 de diciembre: que a partir del 1 de enero la retenci\u00f3n de las boletas de honorarios subir\u00e1 de un 10% actual, a\u00a010,75%.<\/strong><\/p>\n\n\n\n<p>Lo anterior se enmarca en la ley que obliga a los trabajadores independientes a cotizar para los reg\u00edmenes de&nbsp;<strong>protecci\u00f3n social.<\/strong><\/p>\n\n\n\n<p>\u201cLa ley 21.133 establece que a partir del 1 de enero de 2020 el porcentaje de retenci\u00f3n pasa de 10% a 10,75% llegando a&nbsp;<strong>17% en 2028\u2033<\/strong>, public\u00f3 el SII en su sitio web.<\/p>\n\n\n\n<h2 class=\"wp-block-heading\">\u00bfPara qui\u00e9nes aplica el cambio?<\/h2>\n\n\n\n<p>-Para todos los emisores de boletas electr\u00f3nicas y en papel.<\/p>\n\n\n\n<p>-Si la persona emite o emiten sus boletas en sii.cl, de manera autom\u00e1tica la aplicaci\u00f3n calcular\u00e1 la nueva retenci\u00f3n.<\/p>\n\n\n\n<p>-Si la persona todav\u00eda emite boletas en papel, deber\u00e1 hacer el c\u00e1lculo con la retenci\u00f3n del 10,75% a contar del 1 de enero.<\/p>\n\n\n\n<p>Revisa c\u00f3mo var\u00eda la retenci\u00f3n de tu boleta de honorario desde el 1 de enero, de acuerdo a tus honorarios mensuales:<\/p>\n\n\n\n<figure class=\"wp-block-image\"><img decoding=\"async\" src=\"https:\/\/media.biobiochile.cl\/wp-content\/uploads\/2019\/12\/sii.jpg\" alt=\"SII\" class=\"wp-image-4414265\"\/><\/figure>\n\n\n\n<p><\/p>\n","protected":false},"excerpt":{"rendered":"<p>El Servicio de Impuestos Internos (SII)\u00a0reiter\u00f3 el recordatorio\u00a0que emiti\u00f3 el viernes 27 de diciembre: que a partir del 1 de enero la retenci\u00f3n de las&hellip; <\/p>\n","protected":false},"author":2,"featured_media":19512,"comment_status":"open","ping_status":"closed","sticky":false,"template":"","format":"standard","meta":{"footnotes":""},"categories":[37],"tags":[],"class_list":["post-19511","post","type-post","status-publish","format-standard","has-post-thumbnail","hentry","category-nacional"],"_links":{"self":[{"href":"https:\/\/www.radioamigavallenar.cl\/index.php?rest_route=\/wp\/v2\/posts\/19511","targetHints":{"allow":["GET"]}}],"collection":[{"href":"https:\/\/www.radioamigavallenar.cl\/index.php?rest_route=\/wp\/v2\/posts"}],"about":[{"href":"https:\/\/www.radioamigavallenar.cl\/index.php?rest_route=\/wp\/v2\/types\/post"}],"author":[{"embeddable":true,"href":"https:\/\/www.radioamigavallenar.cl\/index.php?rest_route=\/wp\/v2\/users\/2"}],"replies":[{"embeddable":true,"href":"https:\/\/www.radioamigavallenar.cl\/index.php?rest_route=%2Fwp%2Fv2%2Fcomments&post=19511"}],"version-history":[{"count":0,"href":"https:\/\/www.radioamigavallenar.cl\/index.php?rest_route=\/wp\/v2\/posts\/19511\/revisions"}],"wp:featuredmedia":[{"embeddable":true,"href":"https:\/\/www.radioamigavallenar.cl\/index.php?rest_route=\/wp\/v2\/media\/19512"}],"wp:attachment":[{"href":"https:\/\/www.radioamigavallenar.cl\/index.php?rest_route=%2Fwp%2Fv2%2Fmedia&parent=19511"}],"wp:term":[{"taxonomy":"category","embeddable":true,"href":"https:\/\/www.radioamigavallenar.cl\/index.php?rest_route=%2Fwp%2Fv2%2Fcategories&post=19511"},{"taxonomy":"post_tag","embeddable":true,"href":"https:\/\/www.radioamigavallenar.cl\/index.php?rest_route=%2Fwp%2Fv2%2Ftags&post=19511"}],"curies":[{"name":"wp","href":"https:\/\/api.w.org\/{rel}","templated":true}]}}