{"id":19486,"date":"2019-12-31T10:24:29","date_gmt":"2019-12-31T13:24:29","guid":{"rendered":"https:\/\/www.radioamigavallenar.cl\/?p=19486"},"modified":"2019-12-31T10:24:30","modified_gmt":"2019-12-31T13:24:30","slug":"mineria-del-norte-grande-requerira-15-739-nuevos-trabajadores-al-2028","status":"publish","type":"post","link":"https:\/\/www.radioamigavallenar.cl\/?p=19486","title":{"rendered":"Miner\u00eda del Norte Grande requerir\u00e1 15.739 nuevos trabajadores al 2028"},"content":{"rendered":"\n<figure class=\"wp-block-image size-large\"><img loading=\"lazy\" decoding=\"async\" width=\"650\" height=\"433\" src=\"https:\/\/www.radioamigavallenar.cl\/wp-content\/uploads\/2019\/12\/Chuqui-Subterr\u00e1nea.-Planificaci\u00f3n-Minera_-e1569439277146.jpg\" alt=\"\" class=\"wp-image-19487\" srcset=\"https:\/\/www.radioamigavallenar.cl\/wp-content\/uploads\/2019\/12\/Chuqui-Subterr\u00e1nea.-Planificaci\u00f3n-Minera_-e1569439277146.jpg 650w, https:\/\/www.radioamigavallenar.cl\/wp-content\/uploads\/2019\/12\/Chuqui-Subterr\u00e1nea.-Planificaci\u00f3n-Minera_-e1569439277146-300x200.jpg 300w\" sizes=\"auto, (max-width: 650px) 100vw, 650px\" \/><\/figure>\n\n\n\n<p>Estudio del Consejo de Competencias Mineras tambi\u00e9n determin\u00f3 los perfiles que tendr\u00e1n m\u00e1s demanda.<\/p>\n\n\n\n<p>El Consejo de Competencias Mineras (CCM) proyect\u00f3 para finales de la d\u00e9cada 2019-2028 una demanda acumulada de 25.940 trabajadores para faenas mineras del pa\u00eds, de los cuales 15.739 corresponden a puestos laborales que se generar\u00e1n en operaciones del Norte Grande: Tarapac\u00e1 y Antofagasta.<\/p>\n\n\n\n<p>Dicha informaci\u00f3n fue levantada a trav\u00e9s del estudio \u201cFuerza Laboral de la Gran Miner\u00eda Chilena 2019-2028\u2033el cual estableci\u00f3 que gran parte de la cifra nacional responde al reemplazo de trabajadores que estar\u00edan en condici\u00f3n de retiro al final de este periodo, y que el peak de demanda se observa al a\u00f1o 2023.<\/p>\n\n\n\n<p>En el caso espec\u00edfico del Norte Grande, el Consejo de Competencias Mineras indic\u00f3 que los requerimientos de mano de obra se concentran principalmente en los proyectos Quebrada Blanca Fase 2 (Tarapac\u00e1) as\u00ed como en Chuquicamata subtrr\u00e1nea (Antofagasta).<\/p>\n","protected":false},"excerpt":{"rendered":"<p>Estudio del Consejo de Competencias Mineras tambi\u00e9n determin\u00f3 los perfiles que tendr\u00e1n m\u00e1s demanda. El Consejo de Competencias Mineras (CCM) proyect\u00f3 para finales de la&hellip; <\/p>\n","protected":false},"author":2,"featured_media":19487,"comment_status":"open","ping_status":"closed","sticky":false,"template":"","format":"standard","meta":{"footnotes":""},"categories":[7,34],"tags":[],"class_list":["post-19486","post","type-post","status-publish","format-standard","has-post-thumbnail","hentry","category-atacama","category-mineria"],"_links":{"self":[{"href":"https:\/\/www.radioamigavallenar.cl\/index.php?rest_route=\/wp\/v2\/posts\/19486","targetHints":{"allow":["GET"]}}],"collection":[{"href":"https:\/\/www.radioamigavallenar.cl\/index.php?rest_route=\/wp\/v2\/posts"}],"about":[{"href":"https:\/\/www.radioamigavallenar.cl\/index.php?rest_route=\/wp\/v2\/types\/post"}],"author":[{"embeddable":true,"href":"https:\/\/www.radioamigavallenar.cl\/index.php?rest_route=\/wp\/v2\/users\/2"}],"replies":[{"embeddable":true,"href":"https:\/\/www.radioamigavallenar.cl\/index.php?rest_route=%2Fwp%2Fv2%2Fcomments&post=19486"}],"version-history":[{"count":0,"href":"https:\/\/www.radioamigavallenar.cl\/index.php?rest_route=\/wp\/v2\/posts\/19486\/revisions"}],"wp:featuredmedia":[{"embeddable":true,"href":"https:\/\/www.radioamigavallenar.cl\/index.php?rest_route=\/wp\/v2\/media\/19487"}],"wp:attachment":[{"href":"https:\/\/www.radioamigavallenar.cl\/index.php?rest_route=%2Fwp%2Fv2%2Fmedia&parent=19486"}],"wp:term":[{"taxonomy":"category","embeddable":true,"href":"https:\/\/www.radioamigavallenar.cl\/index.php?rest_route=%2Fwp%2Fv2%2Fcategories&post=19486"},{"taxonomy":"post_tag","embeddable":true,"href":"https:\/\/www.radioamigavallenar.cl\/index.php?rest_route=%2Fwp%2Fv2%2Ftags&post=19486"}],"curies":[{"name":"wp","href":"https:\/\/api.w.org\/{rel}","templated":true}]}}