{"id":19472,"date":"2019-12-31T00:00:00","date_gmt":"2019-12-31T03:00:00","guid":{"rendered":"https:\/\/www.radioamigavallenar.cl\/?p=19472"},"modified":"2019-12-30T23:31:35","modified_gmt":"2019-12-31T02:31:35","slug":"seremi-de-salud-s-debemos-cuidar-el-consumo-excesivo-de-alcohol-en-celebracion-de-ano-nuevo","status":"publish","type":"post","link":"https:\/\/www.radioamigavallenar.cl\/?p=19472","title":{"rendered":"Seremi de Salud (S) \u201cDebemos cuidar el consumo excesivo de alcohol en celebraci\u00f3n de a\u00f1o nuevo\u201d"},"content":{"rendered":"\n<figure class=\"wp-block-image size-large\"><img loading=\"lazy\" decoding=\"async\" width=\"800\" height=\"533\" src=\"https:\/\/www.radioamigavallenar.cl\/wp-content\/uploads\/2019\/12\/A\u00f1o-Nuevo-800x533-1.jpg\" alt=\"\" class=\"wp-image-19473\" srcset=\"https:\/\/www.radioamigavallenar.cl\/wp-content\/uploads\/2019\/12\/A\u00f1o-Nuevo-800x533-1.jpg 800w, https:\/\/www.radioamigavallenar.cl\/wp-content\/uploads\/2019\/12\/A\u00f1o-Nuevo-800x533-1-300x200.jpg 300w, https:\/\/www.radioamigavallenar.cl\/wp-content\/uploads\/2019\/12\/A\u00f1o-Nuevo-800x533-1-768x512.jpg 768w\" sizes=\"auto, (max-width: 800px) 100vw, 800px\" \/><\/figure>\n\n\n\n<p>Para tener una fiesta sin problema, la Autoridad Sanitaria (S) realiza un llamado a moderar el consumo excesivo de alcohol&nbsp; y&nbsp; tomas las medidas de prevenci\u00f3n para un consumo seguro de alimentos.<\/p>\n\n\n\n<p>El Seremi de Salud (S), Mauricio Bertoglia, se\u00f1al\u00f3 que \u201clas personas deben mantener un adecuado manejo de los alimentos, evitando la contaminaci\u00f3n cruzada y&nbsp;mantener una adecuada refrigeraci\u00f3n de los productos. La descomposici\u00f3n de alimentos crudos, pescados, carnes o cremas puede producir intoxicaciones por distintos tipos de bacterias, y otro tema importante es siempre consumir alimentos en locales autorizados\u201d<\/p>\n\n\n\n<p>Agreg\u00f3 que tambi\u00e9n es un tema importante que las personas&nbsp;mantengan un consumo moderado de alcohol, para evitar intoxicaciones.<\/p>\n\n\n\n<p>Ante las altas temperaturas, la autoridad destac\u00f3 que los ni\u00f1os y los adultos mayores tienen mayores dificultades de adaptaci\u00f3n a las altas temperaturas.<\/p>\n\n\n\n<p>\u201cLas altas temperaturas son un riesgo para las personas mayores, enfermos cr\u00f3nicos, embarazadas, que pueden deshidratarse y sufrir descompensaciones. Un persona que tenga un enfermedad cr\u00f3nica, que es hipertenso o que tenga problemas card\u00edacos, por ejemplo, puede deshidratarse y terminar en insuficiencia respiratoria o card\u00edaca y finalmente en un paro cardiorespiratorio. Por ello, es muy importante cuidarse y evitar el calor\u201d, explic\u00f3 el Seremi (S).<\/p>\n\n\n\n<p>La autoridad recomend\u00f3 evitar circular entre las 12 del d\u00eda y las cinco de la tarde, que son las horas de m\u00e1s altas temperaturas, colocarse en lugares de circulaci\u00f3n de aire, usar ropa holgada y sobre todo ingerir mucho l\u00edquido, para evitar posibles deshidrataciones y\/o desmayos.<\/p>\n\n\n\n<p>\u201cComo Red Asistencial extendemos el llamado a compartir estas fiestas de fin de a\u00f1o con responsabilidad. Como ha sido siempre, nuestros hospitales de Atacama est\u00e1n 24\/7 dispuestos a atender a nuestra comunidad. Reiteramos el llamado a acudir a los Servicios de Urgencias s\u00f3lo en aquellos casos que impliquen una atenci\u00f3n de emergencia. Ante problemas de salud menor, la recomendaci\u00f3n es que concurran hasta los distintos Centros de Salud Familiar (CESFAM) de Atacama m\u00e1s cercano a su domicilio. Asimismo tambi\u00e9n invitamos a la comunidad a realizar un correcto uso del nivel 131 de SAMU, evitando, por ejemplo, las tradicionales pitanzas. Finalmente recordamos a nuestras usuarias y usuarios que est\u00e1 disponible nuestra plataforma Salud Responde 600 360 77 77 donde en caso que lo requieran ser\u00e1n atendidos por un completo equipos de profesionales, quienes est\u00e1n disponibles los 7 d\u00edas de la semana, las 24 horas del d\u00eda\u201d, explic\u00f3 el Jefe de la Red Asistencial.<\/p>\n\n\n\n<h3 class=\"has-text-align-center wp-block-heading\">Medidas de prevenci\u00f3n:<\/h3>\n\n\n\n<p>\u2013 Lavarse bien las manos antes de comer, al preparar alimentos, y despu\u00e9s de ir al ba\u00f1o.<\/p>\n\n\n\n<p>\u2013 Manipular los alimentos crudos (carnes, pescados, mariscos, verduras) separados de los dem\u00e1s productos, para evitar la contaminaci\u00f3n cruzada.<\/p>\n\n\n\n<p>\u2013 Consumir carnes, huevos, pescados y mariscos bien cocidos.<\/p>\n\n\n\n<p>\u2013 Lavar bien frutas y verduras antes de consumirlas.<\/p>\n\n\n\n<p>\u2013 Mantener los alimentos refrigerados.<\/p>\n\n\n\n<p>\u2013 No comer mayonesa casera.<\/p>\n\n\n\n<p>\u2013 Utilizar s\u00f3lo agua potable. Si no hay, hervirla al menos 3 minutos.<\/p>\n","protected":false},"excerpt":{"rendered":"<p>Para tener una fiesta sin problema, la Autoridad Sanitaria (S) realiza un llamado a moderar el consumo excesivo de alcohol&nbsp; y&nbsp; tomas las medidas de&hellip; <\/p>\n","protected":false},"author":2,"featured_media":19473,"comment_status":"open","ping_status":"closed","sticky":false,"template":"","format":"standard","meta":{"footnotes":""},"categories":[7],"tags":[],"class_list":["post-19472","post","type-post","status-publish","format-standard","has-post-thumbnail","hentry","category-atacama"],"_links":{"self":[{"href":"https:\/\/www.radioamigavallenar.cl\/index.php?rest_route=\/wp\/v2\/posts\/19472","targetHints":{"allow":["GET"]}}],"collection":[{"href":"https:\/\/www.radioamigavallenar.cl\/index.php?rest_route=\/wp\/v2\/posts"}],"about":[{"href":"https:\/\/www.radioamigavallenar.cl\/index.php?rest_route=\/wp\/v2\/types\/post"}],"author":[{"embeddable":true,"href":"https:\/\/www.radioamigavallenar.cl\/index.php?rest_route=\/wp\/v2\/users\/2"}],"replies":[{"embeddable":true,"href":"https:\/\/www.radioamigavallenar.cl\/index.php?rest_route=%2Fwp%2Fv2%2Fcomments&post=19472"}],"version-history":[{"count":0,"href":"https:\/\/www.radioamigavallenar.cl\/index.php?rest_route=\/wp\/v2\/posts\/19472\/revisions"}],"wp:featuredmedia":[{"embeddable":true,"href":"https:\/\/www.radioamigavallenar.cl\/index.php?rest_route=\/wp\/v2\/media\/19473"}],"wp:attachment":[{"href":"https:\/\/www.radioamigavallenar.cl\/index.php?rest_route=%2Fwp%2Fv2%2Fmedia&parent=19472"}],"wp:term":[{"taxonomy":"category","embeddable":true,"href":"https:\/\/www.radioamigavallenar.cl\/index.php?rest_route=%2Fwp%2Fv2%2Fcategories&post=19472"},{"taxonomy":"post_tag","embeddable":true,"href":"https:\/\/www.radioamigavallenar.cl\/index.php?rest_route=%2Fwp%2Fv2%2Ftags&post=19472"}],"curies":[{"name":"wp","href":"https:\/\/api.w.org\/{rel}","templated":true}]}}