{"id":19457,"date":"2019-12-31T00:00:00","date_gmt":"2019-12-31T03:00:00","guid":{"rendered":"https:\/\/www.radioamigavallenar.cl\/?p=19457"},"modified":"2019-12-30T22:18:05","modified_gmt":"2019-12-31T01:18:05","slug":"sec-atacama-llama-a-evitar-el-uso-de-cotillon-metalico-para-prevenir-cortes-de-luz","status":"publish","type":"post","link":"https:\/\/www.radioamigavallenar.cl\/?p=19457","title":{"rendered":"SEC Atacama llama a evitar el uso de cotill\u00f3n met\u00e1lico para prevenir cortes de luz"},"content":{"rendered":"\n<figure class=\"wp-block-image size-large\"><img loading=\"lazy\" decoding=\"async\" width=\"600\" height=\"400\" src=\"https:\/\/www.radioamigavallenar.cl\/wp-content\/uploads\/2019\/12\/cotillon_sec.jpg\" alt=\"\" class=\"wp-image-19458\" srcset=\"https:\/\/www.radioamigavallenar.cl\/wp-content\/uploads\/2019\/12\/cotillon_sec.jpg 600w, https:\/\/www.radioamigavallenar.cl\/wp-content\/uploads\/2019\/12\/cotillon_sec-300x200.jpg 300w\" sizes=\"auto, (max-width: 600px) 100vw, 600px\" \/><\/figure>\n\n\n\n<p>La entidad fiscalizadora se\u00f1al\u00f3 que estos elementos, al contener partes met\u00e1licas, podr\u00edan producir chispas, al entrar en contacto con las l\u00edneas de transmisi\u00f3n o distribuci\u00f3n. De la misma forma, desde SEC&nbsp;Atacama&nbsp;recordaron que, ante cortes de luz, la denuncia puede ser realizada desde celulares ingresando a&nbsp;www.sec.cl.<\/p>\n\n\n\n<p>En la antesala de las celebraciones de A\u00f1o Nuevo, la Direcci\u00f3n Regional Atacama de la Superintendencia de Electricidad y Combustibles, SEC, hizo un llamado a la ciudadan\u00eda para evitar utilizar elementos, como el cotill\u00f3n met\u00e1lico, cerca de las redes el\u00e9ctricas, medida que busca minimizar eventuales situaciones de riesgo asociadas a cortes de suministro o da\u00f1os a las personas o bienes.<\/p>\n\n\n\n<p>Desde la entidad fiscalizadora indicaron que este tipo de elementos, que contienen partes met\u00e1licas, al entrar en contacto con las l\u00edneas de transmisi\u00f3n o distribuci\u00f3n el\u00e9ctricas, podr\u00edan generar chispas y como consecuencia cortes de luz, empa\u00f1ando de esta forma los festejos en los primeros minutos del 2020.<\/p>\n\n\n\n<p>El Director Regional de SEC&nbsp;Atacama,&nbsp;Iv\u00e1n Lillo, sostuvo que \u201clos usuarios son los primeros llamados a celebrar, de forma segura, la llegada del a\u00f1o 2020. Esto, implica evitar conductas que puedan, eventualmente, afectar el funcionamiento de las redes. Una de ellas, es no utilizar cotill\u00f3n met\u00e1lico en las cercan\u00edas de las l\u00edneas el\u00e9ctricas, minimizando as\u00ed posibles cortes en una fecha tan importante\u201d.<\/p>\n\n\n\n<p>La autoridad, tambi\u00e9n, record\u00f3 la importancia de reportar, a trav\u00e9s de&nbsp;www.sec.cl&nbsp;todo corte de luz, lo que permite monitorear los tiempos de respuesta de las empresas el\u00e9ctricas y la correcta ejecuci\u00f3n de los protocolos para restablecer el suministro el\u00e9ctrico en las zonas afectadas.<\/p>\n\n\n\n<p>En caso de una interrupci\u00f3n de suministro, los usuarios pueden reportarlo desde su tel\u00e9fono celular, para lo cual basta digitar en el navegador la direcci\u00f3n&nbsp;www.sec.cl&nbsp;e ingresar a la opci\u00f3n \u201cReclamo o Denuncia por Electricidad\u201d. Tras ello, basta seleccionar \u201cCorte de Luz\u201d e ingresar los datos solicitados.<\/p>\n\n\n\n<p>Por \u00faltimo, la invitaci\u00f3n es a seguir las cuentas de la SEC en Twitter (@SEC_cl) y Facebook, como Superintendencia SEC, donde la ciudadan\u00eda podr\u00e1 acceder a informaci\u00f3n \u00fatil, consejos de seguridad y calidad en el uso de los energ\u00e9ticos.<\/p>\n","protected":false},"excerpt":{"rendered":"<p>La entidad fiscalizadora se\u00f1al\u00f3 que estos elementos, al contener partes met\u00e1licas, podr\u00edan producir chispas, al entrar en contacto con las l\u00edneas de transmisi\u00f3n o distribuci\u00f3n.&hellip; <\/p>\n","protected":false},"author":2,"featured_media":19458,"comment_status":"open","ping_status":"closed","sticky":false,"template":"","format":"standard","meta":{"footnotes":""},"categories":[7,37],"tags":[],"class_list":["post-19457","post","type-post","status-publish","format-standard","has-post-thumbnail","hentry","category-atacama","category-nacional"],"_links":{"self":[{"href":"https:\/\/www.radioamigavallenar.cl\/index.php?rest_route=\/wp\/v2\/posts\/19457","targetHints":{"allow":["GET"]}}],"collection":[{"href":"https:\/\/www.radioamigavallenar.cl\/index.php?rest_route=\/wp\/v2\/posts"}],"about":[{"href":"https:\/\/www.radioamigavallenar.cl\/index.php?rest_route=\/wp\/v2\/types\/post"}],"author":[{"embeddable":true,"href":"https:\/\/www.radioamigavallenar.cl\/index.php?rest_route=\/wp\/v2\/users\/2"}],"replies":[{"embeddable":true,"href":"https:\/\/www.radioamigavallenar.cl\/index.php?rest_route=%2Fwp%2Fv2%2Fcomments&post=19457"}],"version-history":[{"count":0,"href":"https:\/\/www.radioamigavallenar.cl\/index.php?rest_route=\/wp\/v2\/posts\/19457\/revisions"}],"wp:featuredmedia":[{"embeddable":true,"href":"https:\/\/www.radioamigavallenar.cl\/index.php?rest_route=\/wp\/v2\/media\/19458"}],"wp:attachment":[{"href":"https:\/\/www.radioamigavallenar.cl\/index.php?rest_route=%2Fwp%2Fv2%2Fmedia&parent=19457"}],"wp:term":[{"taxonomy":"category","embeddable":true,"href":"https:\/\/www.radioamigavallenar.cl\/index.php?rest_route=%2Fwp%2Fv2%2Fcategories&post=19457"},{"taxonomy":"post_tag","embeddable":true,"href":"https:\/\/www.radioamigavallenar.cl\/index.php?rest_route=%2Fwp%2Fv2%2Ftags&post=19457"}],"curies":[{"name":"wp","href":"https:\/\/api.w.org\/{rel}","templated":true}]}}