{"id":19433,"date":"2019-12-30T00:30:26","date_gmt":"2019-12-30T03:30:26","guid":{"rendered":"https:\/\/www.radioamigavallenar.cl\/?p=19433"},"modified":"2019-12-30T00:30:28","modified_gmt":"2019-12-30T03:30:28","slug":"servicio-de-evaluacion-ambiental-y-codelco-finalizan-exitosamente-consulta-indigena-de-rajo-inca","status":"publish","type":"post","link":"https:\/\/www.radioamigavallenar.cl\/?p=19433","title":{"rendered":"Servicio de Evaluaci\u00f3n Ambiental y Codelco finalizan exitosamente Consulta Ind\u00edgena de Rajo Inca"},"content":{"rendered":"\n<figure class=\"wp-block-image size-large\"><img loading=\"lazy\" decoding=\"async\" width=\"550\" height=\"366\" src=\"https:\/\/www.radioamigavallenar.cl\/wp-content\/uploads\/2019\/12\/rajo-inca-0316.jpg\" alt=\"\" class=\"wp-image-19434\" srcset=\"https:\/\/www.radioamigavallenar.cl\/wp-content\/uploads\/2019\/12\/rajo-inca-0316.jpg 550w, https:\/\/www.radioamigavallenar.cl\/wp-content\/uploads\/2019\/12\/rajo-inca-0316-300x200.jpg 300w\" sizes=\"auto, (max-width: 550px) 100vw, 550px\" \/><\/figure>\n\n\n\n<p>Las tres comunidades ind\u00edgenas del sector, Comunidad Colla de Diego de Almagro, Comunidad Colla Geoxcultuxial y Comunidad Ind\u00edgena Colla Chiyagua, hicieron sus aportes al dise\u00f1o y lograron acuerdos valorados por sus integrantes.<\/p>\n\n\n\n<p>La\u00a0Comunidad Ind\u00edgena Colla Chiyagua del Jard\u00edn y Sus Afluentes\u00a0firm\u00f3 recientemente el acuerdo con el cual se puso fin al proceso de\u00a0Consulta Ind\u00edgena\u00a0que llev\u00f3 a cabo el\u00a0Servicio de Evaluaci\u00f3n Ambiental (SEA), de acuerdo a los principios del\u00a0Convenio 169\u00a0de la OIT: Buena fe, procedimientos adecuados e instituciones representativas y consentimiento o acuerdo.<\/p>\n\n\n\n<p>El documento firmado establece un\u00a0conjunto de medidas, iniciativas y compromisos por parte de Codelco, relacionadas con el fomento de actividades crianceras, seguimiento y monitoreo ambiental, y respeto y fomento de actividades culturales tradicionales, entre otras.<\/p>\n\n\n\n<p>El gerente general de Divisi\u00f3n Salvador de Codelco,\u00a0Christian Toutin, coment\u00f3 que \u201cestamos muy contentos con la firma de este acuerdo porque despu\u00e9s de un largo proceso de di\u00e1logo, que no estuvo exento de dificultades, pudimos\u00a0alcanzar un consenso\u00a0que nos permite, no solo establecer compromisos con esta comunidad y finalizar en forma exitosa la Consulta Ind\u00edgena de Rajo Inca, sino tambi\u00e9n establecer principios y normas s\u00f3lidas que van a permitir\u00a0potenciar y fortalecer relaciones de confianza mutua, colaborativas y de largo plazo\u00a0con las comunidades ind\u00edgenas de la Divisi\u00f3n y el Proyecto Rajo Inca por varias d\u00e9cadas m\u00e1s, el cual contribuir\u00e1 a dinamizar la econom\u00eda de Cha\u00f1aral y la Regi\u00f3n de Atacama\u201d.<\/p>\n\n\n\n<p>Desde la estatal resaltaron que el acuerdo con la Comunidad Ind\u00edgena Colla Chiyagua se da en el marco del\u00a0relacionamiento que existe hace m\u00e1s 20 a\u00f1os entre Divisi\u00f3n Salvador de Codelco y las comunidades ind\u00edgenas; v\u00ednculos que se potenciaron a partir de 2018 con el proceso de Consulta Ind\u00edgena que se inici\u00f3 con el ingreso al Sistema de Evaluaci\u00f3n Ambiental del\u00a0Proyecto Rajo Inca.<\/p>\n\n\n\n<p>La primera organizaci\u00f3n ind\u00edgena en firmar un protocolo de acuerdo -en el marco de la Consulta Ind\u00edgena de Rajo Inca- fue\u00a0Comunidad Colla de Diego de Almagro\u00a0en julio de 2019. Posteriormente, en octubre del presente a\u00f1o, Divisi\u00f3n Salvador de Codelco alcanz\u00f3 un protocolo de acuerdo con la\u00a0Comunidad Colla Geoxcultuxial.<\/p>\n\n\n\n<h3 class=\"has-text-align-center wp-block-heading\">Proyecto Rajo Inca<\/h3>\n\n\n\n<p>Sergio Gaete, gerente del Proyecto rajo Inca de Codelco, destac\u00f3 que \u201ceste hito se ha materializado con una exhaustiva planificaci\u00f3n, destacando los\u00a0Acuerdos de Relacionamientos\u00a0firmados a\u00f1os antes de ingresar a tramitaci\u00f3n ambiental del proyecto. Todo esto con el fin de generar las confianzas entre las partes, a trav\u00e9s de decenas de reuniones entre las comunidades, divisi\u00f3n y el proyecto, destacando la buena fe, comunicaci\u00f3n y confianza desarrollada\u201d.<\/p>\n\n\n\n<p>Cabe recordar que el Proyecto Rajo Inca -ubicado en la comuna de Diego de Almagro, en las actuales instalaciones de la Divisi\u00f3n Salvador de Codelco- tiene por objetivo explotar, mediante un rajo abierto, los recursos geol\u00f3gicos del yacimiento Indio Muerto,\u00a0lo cual permitir\u00e1 dar continuidad a las operaciones extractivas de la Divisi\u00f3n Salvador con una\u00a0vida \u00fatil por m\u00e1s de 40 a\u00f1os. El proyecto permitir\u00e1 aumentar la producci\u00f3n actual que se ubica en las 60 mil toneladas de cobre a fino a un rango estimado de\u00a095 mil a 100 mil toneladas de cobre fino anuales.<\/p>\n\n\n\n<p>El monto estimado de inversi\u00f3n de Rajo Inca alcanza un total aproximado de\u00a0US$ 1.000 millones.\u00a0La dotaci\u00f3n m\u00e1xima puntual totaliza aproximadamente\u00a01.600 personas durante la fase de construcci\u00f3n con un promedio de 600 personas, 1.700 personas para la fase de operaci\u00f3n y 1.600 para la fase de cierre.<\/p>\n\n\n\n<p>El pr\u00f3ximo paso de la tramitaci\u00f3n del proyecto es el\u00a0ingreso de la Adenda 3,\u00a0que consolidar\u00e1 los Acuerdos de la Consulta Ind\u00edgena y respuestas a algunos servicios ambientales y que se concretar\u00e1 en los pr\u00f3ximos d\u00edas.<\/p>\n\n\n\n<p>De resultar aceptadas las respuestas de la adenda, se espera la aprobaci\u00f3n ambiental del proyecto para los<strong>\u00a0<\/strong>primeros meses de 2020. Con la Resoluci\u00f3n de Calificaci\u00f3n Ambiental (RCA) obtenida, se proceder\u00e1 a\u00a0solicitar la aprobaci\u00f3n de la inversi\u00f3n del proyecto\u00a0ante el directorio de Codelco, habiendo terminado las revisiones internas y de Cochilco.<\/p>\n","protected":false},"excerpt":{"rendered":"<p>Las tres comunidades ind\u00edgenas del sector, Comunidad Colla de Diego de Almagro, Comunidad Colla Geoxcultuxial y Comunidad Ind\u00edgena Colla Chiyagua, hicieron sus aportes al dise\u00f1o&hellip; <\/p>\n","protected":false},"author":2,"featured_media":19434,"comment_status":"open","ping_status":"closed","sticky":false,"template":"","format":"standard","meta":{"footnotes":""},"categories":[7,34],"tags":[],"class_list":["post-19433","post","type-post","status-publish","format-standard","has-post-thumbnail","hentry","category-atacama","category-mineria"],"_links":{"self":[{"href":"https:\/\/www.radioamigavallenar.cl\/index.php?rest_route=\/wp\/v2\/posts\/19433","targetHints":{"allow":["GET"]}}],"collection":[{"href":"https:\/\/www.radioamigavallenar.cl\/index.php?rest_route=\/wp\/v2\/posts"}],"about":[{"href":"https:\/\/www.radioamigavallenar.cl\/index.php?rest_route=\/wp\/v2\/types\/post"}],"author":[{"embeddable":true,"href":"https:\/\/www.radioamigavallenar.cl\/index.php?rest_route=\/wp\/v2\/users\/2"}],"replies":[{"embeddable":true,"href":"https:\/\/www.radioamigavallenar.cl\/index.php?rest_route=%2Fwp%2Fv2%2Fcomments&post=19433"}],"version-history":[{"count":0,"href":"https:\/\/www.radioamigavallenar.cl\/index.php?rest_route=\/wp\/v2\/posts\/19433\/revisions"}],"wp:featuredmedia":[{"embeddable":true,"href":"https:\/\/www.radioamigavallenar.cl\/index.php?rest_route=\/wp\/v2\/media\/19434"}],"wp:attachment":[{"href":"https:\/\/www.radioamigavallenar.cl\/index.php?rest_route=%2Fwp%2Fv2%2Fmedia&parent=19433"}],"wp:term":[{"taxonomy":"category","embeddable":true,"href":"https:\/\/www.radioamigavallenar.cl\/index.php?rest_route=%2Fwp%2Fv2%2Fcategories&post=19433"},{"taxonomy":"post_tag","embeddable":true,"href":"https:\/\/www.radioamigavallenar.cl\/index.php?rest_route=%2Fwp%2Fv2%2Ftags&post=19433"}],"curies":[{"name":"wp","href":"https:\/\/api.w.org\/{rel}","templated":true}]}}