{"id":19430,"date":"2019-12-28T09:38:19","date_gmt":"2019-12-28T12:38:19","guid":{"rendered":"https:\/\/www.radioamigavallenar.cl\/?p=19430"},"modified":"2019-12-28T09:38:20","modified_gmt":"2019-12-28T12:38:20","slug":"minera-presenta-querella-por-estafa-en-contra-del-senador-rn-rafael-prohens-por-us-27-millones","status":"publish","type":"post","link":"https:\/\/www.radioamigavallenar.cl\/?p=19430","title":{"rendered":"Minera presenta querella por estafa en contra del senador RN Rafael Prohens por US$ 2,7 millones"},"content":{"rendered":"\n<figure class=\"wp-block-image size-large\"><img loading=\"lazy\" decoding=\"async\" width=\"820\" height=\"620\" src=\"https:\/\/www.radioamigavallenar.cl\/wp-content\/uploads\/2019\/08\/file_20180711002830.jpg\" alt=\"\" class=\"wp-image-15892\" srcset=\"https:\/\/www.radioamigavallenar.cl\/wp-content\/uploads\/2019\/08\/file_20180711002830.jpg 820w, https:\/\/www.radioamigavallenar.cl\/wp-content\/uploads\/2019\/08\/file_20180711002830-300x227.jpg 300w, https:\/\/www.radioamigavallenar.cl\/wp-content\/uploads\/2019\/08\/file_20180711002830-768x581.jpg 768w\" sizes=\"auto, (max-width: 820px) 100vw, 820px\" \/><figcaption>Rafael Prohens, Senador (Foto: Israel Ch\u00e1vez)<\/figcaption><\/figure>\n\n\n\n<p>La minera Atacama Kozan present\u00f3 una querella por el delito de estafa por m\u00e1s de 2 millones 700 mil d\u00f3lares en contra del senador RN Rafael Prohens.<\/p>\n\n\n\n<p>El libelo fue ingresado en el Juzgado de Garant\u00eda de Copiap\u00f3 el pasado 12 de diciembre, donde se detalla que Prohens particip\u00f3 de un sistema que deriv\u00f3 en pagos excesivos hechos por la firma respecto de suministros de aguas que no realizaron.<\/p>\n\n\n\n<p>En el documento se indica que parte de esos dineros habr\u00edan financiado la campa\u00f1a pol\u00edtica de 2017 por la que Prohens lleg\u00f3 a la C\u00e1mara Alta como parlamentario de la Regi\u00f3n de Atacama.<\/p>\n\n\n\n<p>Los hechos descritos en la acci\u00f3n legal comenzaron en noviembre de 2014 cuando Francisco S\u00e1nchez Barrera, entonces subgerente general de la extractora firm\u00f3 un contrato con Agr\u00edcola Do\u00f1a Berta, representada por el senador Prohens por suministro y venta de agua.<\/p>\n\n\n\n<p>En el acuerdo ambas partes pactaron que por m3 de agua Atacama Kozan pagar\u00eda la suma de 1,17 d\u00f3lares y que a trav\u00e9s de un medidor ubicado en la bocatoma de la minera se contabilizar\u00eda el flujo vendido. No obstante, este instrumento nunca se instal\u00f3.<\/p>\n\n\n\n<p>\u201cDesde que se firm\u00f3 el contrato, yo creo, siempre se tuvo en mente sacar dineros de la empresa\u201d, dijo el abogado querellante, Claudio Hidalgo. Y agreg\u00f3: \u201cNunca tuvieron la intenci\u00f3n de medir\u201d.<\/p>\n\n\n\n<p>Al no contar con un registro que acreditara la realizaci\u00f3n de alguna medici\u00f3n o liquidaci\u00f3n, los montos cancelados por Atacama Kozan a Do\u00f1a Berta, Fueron abultados, detalla la querella.<\/p>\n\n\n\n<p>\u201cSe fueron entregando platas sin haber liquidaciones de cu\u00e1nta aguas se hab\u00edan ocupado. Como no hab\u00eda liquidaci\u00f3n, no se sabe si se pag\u00f3 bien o mal\u201d, dice el abogado.<\/p>\n\n\n\n<p>S\u00e1nchez dur\u00f3 en ese puerto desde 2014 a 2018, momento en que asumi\u00f3 la intendencia de la Regi\u00f3n de Atacama, cargo en el que estuvo solo 8 meses. Coincidencia o no, un mes despu\u00e9s la Minera Atacama Kozan present\u00f3 una querella por estafa en su contra. Y no ser\u00eda la primera.<\/p>\n\n\n\n<p>A Francisco S\u00e1nchez, le sigui\u00f3 en la gerencia Rodrigo Albornoz Encalada, quien asumi\u00f3 el 28 de noviembre de 2018. La forma de operar sigui\u00f3 de la misma forma: no se construy\u00f3 el medidor y sigui\u00f3 realizando pagos abultados a Santa Berta, sin haber realizado ninguna medici\u00f3n ni liquidaci\u00f3n que lo justificara, seg\u00fan la presentaci\u00f3n.<\/p>\n\n\n\n<p>Tanto Albornoz como S\u00e1nchez tambi\u00e9n est\u00e1n querellados por la empresa Atacama Kozan.<\/p>\n\n\n\n<h2 class=\"has-text-align-center wp-block-heading\">Otra vez<\/h2>\n\n\n\n<p>No es la \u00fanica querella de Atacama Kozan. Otra acci\u00f3n legal fue presentada en marzo pasado contra de Francisco S\u00e1nchez Barrera y Rodrigo Albornoz Encalada por el mismo delito de estafa.<\/p>\n\n\n\n<p>La acci\u00f3n legal detalla que abusando de sus atribuciones, S\u00e1nchez y Albornoz \u201cexigieron a diversos contratistas que aumentaran artificialmente el precio de los contratos de servicios, obras y bienes prestados a SCM Atacama Kozan\u201d. Los montos defraudados ascienden a varios millones de d\u00f3lares americanos y se habr\u00eda concretado con seis empresas.<\/p>\n","protected":false},"excerpt":{"rendered":"<p>La minera Atacama Kozan present\u00f3 una querella por el delito de estafa por m\u00e1s de 2 millones 700 mil d\u00f3lares en contra del senador RN&hellip; <\/p>\n","protected":false},"author":2,"featured_media":15892,"comment_status":"open","ping_status":"closed","sticky":false,"template":"","format":"standard","meta":{"footnotes":""},"categories":[7,34,37],"tags":[],"class_list":["post-19430","post","type-post","status-publish","format-standard","has-post-thumbnail","hentry","category-atacama","category-mineria","category-nacional"],"_links":{"self":[{"href":"https:\/\/www.radioamigavallenar.cl\/index.php?rest_route=\/wp\/v2\/posts\/19430","targetHints":{"allow":["GET"]}}],"collection":[{"href":"https:\/\/www.radioamigavallenar.cl\/index.php?rest_route=\/wp\/v2\/posts"}],"about":[{"href":"https:\/\/www.radioamigavallenar.cl\/index.php?rest_route=\/wp\/v2\/types\/post"}],"author":[{"embeddable":true,"href":"https:\/\/www.radioamigavallenar.cl\/index.php?rest_route=\/wp\/v2\/users\/2"}],"replies":[{"embeddable":true,"href":"https:\/\/www.radioamigavallenar.cl\/index.php?rest_route=%2Fwp%2Fv2%2Fcomments&post=19430"}],"version-history":[{"count":0,"href":"https:\/\/www.radioamigavallenar.cl\/index.php?rest_route=\/wp\/v2\/posts\/19430\/revisions"}],"wp:featuredmedia":[{"embeddable":true,"href":"https:\/\/www.radioamigavallenar.cl\/index.php?rest_route=\/wp\/v2\/media\/15892"}],"wp:attachment":[{"href":"https:\/\/www.radioamigavallenar.cl\/index.php?rest_route=%2Fwp%2Fv2%2Fmedia&parent=19430"}],"wp:term":[{"taxonomy":"category","embeddable":true,"href":"https:\/\/www.radioamigavallenar.cl\/index.php?rest_route=%2Fwp%2Fv2%2Fcategories&post=19430"},{"taxonomy":"post_tag","embeddable":true,"href":"https:\/\/www.radioamigavallenar.cl\/index.php?rest_route=%2Fwp%2Fv2%2Ftags&post=19430"}],"curies":[{"name":"wp","href":"https:\/\/api.w.org\/{rel}","templated":true}]}}