{"id":19427,"date":"2019-12-28T09:29:43","date_gmt":"2019-12-28T12:29:43","guid":{"rendered":"https:\/\/www.radioamigavallenar.cl\/?p=19427"},"modified":"2019-12-28T09:29:44","modified_gmt":"2019-12-28T12:29:44","slug":"enami-recibe-premio-anual-de-seguridad-minera-sernageomin","status":"publish","type":"post","link":"https:\/\/www.radioamigavallenar.cl\/?p=19427","title":{"rendered":"ENAMI recibe premio anual de Seguridad Minera Sernageomin"},"content":{"rendered":"\n<figure class=\"wp-block-image size-large is-resized\"><img loading=\"lazy\" decoding=\"async\" src=\"https:\/\/www.radioamigavallenar.cl\/wp-content\/uploads\/2019\/12\/Sin-ti\u0301tulo-4.png\" alt=\"\" class=\"wp-image-19428\" width=\"580\" height=\"265\" srcset=\"https:\/\/www.radioamigavallenar.cl\/wp-content\/uploads\/2019\/12\/Sin-ti\u0301tulo-4.png 945w, https:\/\/www.radioamigavallenar.cl\/wp-content\/uploads\/2019\/12\/Sin-ti\u0301tulo-4-300x137.png 300w, https:\/\/www.radioamigavallenar.cl\/wp-content\/uploads\/2019\/12\/Sin-ti\u0301tulo-4-768x352.png 768w\" sizes=\"auto, (max-width: 580px) 100vw, 580px\" \/><\/figure>\n\n\n\n<p>Por segundo a\u00f1o consecutivo, la Empresa Nacional de Miner\u00eda fue galardonada con el Premio de Seguridad Minera que entrega cada a\u00f1o el Servicio Nacional de Geolog\u00eda y Miner\u00eda (Sernageomin) a cargo de la fiscalizaci\u00f3n del Reglamento de Seguridad Minera que rige a cerca de 10 mil instalaciones mineras activas existentes en Chile. Esta vez el reconocimiento fue para la Planta Osvaldo Mart\u00ednez de El Salado, cuyo compromiso y responsabilidad con la seguridad la hicieron merecedora de la distinci\u00f3n en la Categor\u00eda B de empresas mandantes.<\/p>\n\n\n\n<p>\u201cEs un orgullo muy grande, no solo para los trabajadores de nuestra planta, sino para todos los trabajadores de ENAMI, estamos haciendo las cosas mejor, pero como lo he dicho este es un partido que se juega todos los d\u00edas. Hoy estamos celebrando y felicitando a la Planta de El Salado, pero tambi\u00e9n nos estamos poniendo como meta seguir el pr\u00f3ximo a\u00f1o tenemos en la misma senda y continuar avanzando en ese sentido\u201d, coment\u00f3 el vicepresidente ejecutivo Robert Mayne-Nicholls.<\/p>\n\n\n\n<p>El plantel actualmente beneficia a 57 productores mineros de la provincia de Cha\u00f1aral y cerca de 240 personas, entre trabajadores y contratistas, se desempe\u00f1an en sus operaciones produciendo 600 toneladas al mes de c\u00e1todos de cobre de 99,9% de pureza.<\/p>\n\n\n\n<p>El director nacional de Sernageomin, Alfonso Domeyko, detall\u00f3 que el premio entregado a siete empresas de la regi\u00f3n \u2013entre ellas ENAMI\u2013 apunta a \u201clas compa\u00f1\u00edas que han tenido una labor destacada en seguridad minera y que han registrado cero fatalidades o accidentes que lamentar en el periodo 2018, que estamos premiando en este momento\u201d Asimismo Domeyko a\u00f1adi\u00f3 que \u201clo que queremos destacar es que hay un cambio cultural en Chile, a trav\u00e9s del Sernageomin con un robustecimiento de sus pol\u00edticas; y tambi\u00e9n destacar que existe un cambio cultural en las empresas, toda la industria ha bajado sus tasas de accidentabilidad\u201d.<\/p>\n","protected":false},"excerpt":{"rendered":"<p>Por segundo a\u00f1o consecutivo, la Empresa Nacional de Miner\u00eda fue galardonada con el Premio de Seguridad Minera que entrega cada a\u00f1o el Servicio Nacional de&hellip; <\/p>\n","protected":false},"author":2,"featured_media":19428,"comment_status":"open","ping_status":"closed","sticky":false,"template":"","format":"standard","meta":{"footnotes":""},"categories":[7,34,37],"tags":[],"class_list":["post-19427","post","type-post","status-publish","format-standard","has-post-thumbnail","hentry","category-atacama","category-mineria","category-nacional"],"_links":{"self":[{"href":"https:\/\/www.radioamigavallenar.cl\/index.php?rest_route=\/wp\/v2\/posts\/19427","targetHints":{"allow":["GET"]}}],"collection":[{"href":"https:\/\/www.radioamigavallenar.cl\/index.php?rest_route=\/wp\/v2\/posts"}],"about":[{"href":"https:\/\/www.radioamigavallenar.cl\/index.php?rest_route=\/wp\/v2\/types\/post"}],"author":[{"embeddable":true,"href":"https:\/\/www.radioamigavallenar.cl\/index.php?rest_route=\/wp\/v2\/users\/2"}],"replies":[{"embeddable":true,"href":"https:\/\/www.radioamigavallenar.cl\/index.php?rest_route=%2Fwp%2Fv2%2Fcomments&post=19427"}],"version-history":[{"count":0,"href":"https:\/\/www.radioamigavallenar.cl\/index.php?rest_route=\/wp\/v2\/posts\/19427\/revisions"}],"wp:featuredmedia":[{"embeddable":true,"href":"https:\/\/www.radioamigavallenar.cl\/index.php?rest_route=\/wp\/v2\/media\/19428"}],"wp:attachment":[{"href":"https:\/\/www.radioamigavallenar.cl\/index.php?rest_route=%2Fwp%2Fv2%2Fmedia&parent=19427"}],"wp:term":[{"taxonomy":"category","embeddable":true,"href":"https:\/\/www.radioamigavallenar.cl\/index.php?rest_route=%2Fwp%2Fv2%2Fcategories&post=19427"},{"taxonomy":"post_tag","embeddable":true,"href":"https:\/\/www.radioamigavallenar.cl\/index.php?rest_route=%2Fwp%2Fv2%2Ftags&post=19427"}],"curies":[{"name":"wp","href":"https:\/\/api.w.org\/{rel}","templated":true}]}}