{"id":19418,"date":"2019-12-28T09:21:47","date_gmt":"2019-12-28T12:21:47","guid":{"rendered":"https:\/\/www.radioamigavallenar.cl\/?p=19418"},"modified":"2019-12-28T09:21:47","modified_gmt":"2019-12-28T12:21:47","slug":"carabineros-realiza-charla-a-ninos-para-prevenir-accidentes-con-fuegos-artificiales","status":"publish","type":"post","link":"https:\/\/www.radioamigavallenar.cl\/?p=19418","title":{"rendered":"Carabineros realiza charla a ni\u00f1os para prevenir accidentes con fuegos artificiales"},"content":{"rendered":"\n<figure class=\"wp-block-image size-large\"><img loading=\"lazy\" decoding=\"async\" width=\"750\" height=\"400\" src=\"https:\/\/www.radioamigavallenar.cl\/wp-content\/uploads\/2019\/12\/carabinero.jpg\" alt=\"\" class=\"wp-image-19419\" srcset=\"https:\/\/www.radioamigavallenar.cl\/wp-content\/uploads\/2019\/12\/carabinero.jpg 750w, https:\/\/www.radioamigavallenar.cl\/wp-content\/uploads\/2019\/12\/carabinero-300x160.jpg 300w\" sizes=\"auto, (max-width: 750px) 100vw, 750px\" \/><\/figure>\n\n\n\n<p><strong>Personal de la Oficina Comunitaria de la 2\u00aa Comisaria de Copiap\u00f3, realiz\u00f3 una charla preventiva a los ni\u00f1os del club deportivo Escorial bajo el eslogan \u201cNo al uso de los Fuegos Artificiales\u201d.&nbsp;<\/strong><\/p>\n\n\n\n<p>El objetivo de de la iniciativa policial fue difundir entre los ni\u00f1os las consecuencias asociadas a la mala manipulaci\u00f3n de fuego pirot\u00e9cnico, es decir que salgan quemados, y adem\u00e1s evitar que los padres compren a comerciantes ambulantes, haci\u00e9ndoles presentes que est\u00e1 prohibida su venta.<\/p>\n\n\n\n<p>La actividad que se est\u00e1 impulsando junto a Coaniquem ha tenido resultados positivos, desde hace m\u00e1s de 10 a\u00f1os no hay ni\u00f1os quemados durante las fiestas de a\u00f1o nuevo.<\/p>\n","protected":false},"excerpt":{"rendered":"<p>Personal de la Oficina Comunitaria de la 2\u00aa Comisaria de Copiap\u00f3, realiz\u00f3 una charla preventiva a los ni\u00f1os del club deportivo Escorial bajo el eslogan&hellip; <\/p>\n","protected":false},"author":2,"featured_media":19419,"comment_status":"open","ping_status":"closed","sticky":false,"template":"","format":"standard","meta":{"footnotes":""},"categories":[7,6],"tags":[],"class_list":["post-19418","post","type-post","status-publish","format-standard","has-post-thumbnail","hentry","category-atacama","category-policial"],"_links":{"self":[{"href":"https:\/\/www.radioamigavallenar.cl\/index.php?rest_route=\/wp\/v2\/posts\/19418","targetHints":{"allow":["GET"]}}],"collection":[{"href":"https:\/\/www.radioamigavallenar.cl\/index.php?rest_route=\/wp\/v2\/posts"}],"about":[{"href":"https:\/\/www.radioamigavallenar.cl\/index.php?rest_route=\/wp\/v2\/types\/post"}],"author":[{"embeddable":true,"href":"https:\/\/www.radioamigavallenar.cl\/index.php?rest_route=\/wp\/v2\/users\/2"}],"replies":[{"embeddable":true,"href":"https:\/\/www.radioamigavallenar.cl\/index.php?rest_route=%2Fwp%2Fv2%2Fcomments&post=19418"}],"version-history":[{"count":0,"href":"https:\/\/www.radioamigavallenar.cl\/index.php?rest_route=\/wp\/v2\/posts\/19418\/revisions"}],"wp:featuredmedia":[{"embeddable":true,"href":"https:\/\/www.radioamigavallenar.cl\/index.php?rest_route=\/wp\/v2\/media\/19419"}],"wp:attachment":[{"href":"https:\/\/www.radioamigavallenar.cl\/index.php?rest_route=%2Fwp%2Fv2%2Fmedia&parent=19418"}],"wp:term":[{"taxonomy":"category","embeddable":true,"href":"https:\/\/www.radioamigavallenar.cl\/index.php?rest_route=%2Fwp%2Fv2%2Fcategories&post=19418"},{"taxonomy":"post_tag","embeddable":true,"href":"https:\/\/www.radioamigavallenar.cl\/index.php?rest_route=%2Fwp%2Fv2%2Ftags&post=19418"}],"curies":[{"name":"wp","href":"https:\/\/api.w.org\/{rel}","templated":true}]}}