{"id":19415,"date":"2019-12-28T09:20:15","date_gmt":"2019-12-28T12:20:15","guid":{"rendered":"https:\/\/www.radioamigavallenar.cl\/?p=19415"},"modified":"2019-12-28T09:20:16","modified_gmt":"2019-12-28T12:20:16","slug":"proyectos-ingresados-a-tramite-ambiental-en-2019-llegan-a-761-y-suman-us50-mil-millones","status":"publish","type":"post","link":"https:\/\/www.radioamigavallenar.cl\/?p=19415","title":{"rendered":"Proyectos ingresados a tr\u00e1mite ambiental en 2019 llegan a 761 y suman US$50 mil millones"},"content":{"rendered":"\n<figure class=\"wp-block-image size-large is-resized\"><img loading=\"lazy\" decoding=\"async\" src=\"https:\/\/www.radioamigavallenar.cl\/wp-content\/uploads\/2019\/12\/Collahuasi_Carguio_de_Camiones1-1.jpg\" alt=\"\" class=\"wp-image-19416\" width=\"553\" height=\"369\" srcset=\"https:\/\/www.radioamigavallenar.cl\/wp-content\/uploads\/2019\/12\/Collahuasi_Carguio_de_Camiones1-1.jpg 534w, https:\/\/www.radioamigavallenar.cl\/wp-content\/uploads\/2019\/12\/Collahuasi_Carguio_de_Camiones1-1-300x200.jpg 300w\" sizes=\"auto, (max-width: 553px) 100vw, 553px\" \/><\/figure>\n\n\n\n<p>Cifra supone un alza de casi 100% respecto del a\u00f1o anterior, lo que se explica, principalmente, por grandes iniciativas en energ\u00eda en el Norte Grande. En miner\u00eda tambi\u00e9n se observan importantes iniciativas.<\/p>\n\n\n\n<p>A\u00fan no concluye, pero 2019 fue un a\u00f1o prol\u00edfico en materia de inversi\u00f3n ingresada a tr\u00e1mite ambiental.<\/p>\n\n\n\n<p>As\u00ed se extrae de las cifras que maneja el Servicio de Evaluaci\u00f3n Ambiental (SEA), organismo encargado de admitir, tramitar y evaluar las solicitudes de los titulares, ya sea mediante estudios de impacto ambiental (EIA) o declaraciones de impacto ambiental (DIA).<\/p>\n\n\n\n<p>Seg\u00fan los n\u00fameros que maneja ese organismo, al 26 de diciembre de 2019 han ingresado a tr\u00e1mite ambiental un total de 761 proyectos, los que tienen una inversi\u00f3n asociada de US$50.999 millones. Esto significa un aumento respecto de 2018, cuando se tramitaron 716 proyectos, con un monto de inversi\u00f3n total de US$26.409 proyectos.<\/p>\n\n\n\n<p>Esto, sin embargo, no significa necesariamente que las empresas desarrollar\u00e1n estos proyectos, por lo cual no puede considerarse un balance de la inversi\u00f3n futura. Sin embargo, varios de estos proyectos s\u00ed se materializar\u00e1n en el futuro, y es requisito indispensable para que estos se construyan.<\/p>\n\n\n\n<p>Para este c\u00e1lculo se consideran los proyectos declarados por los titulares y se excluyen aquellos que se mantienen en etapa \u201cen admisi\u00f3n\u201d, dado que todav\u00eda no inician formalmente su tramitaci\u00f3n.<\/p>\n\n\n\n<h3 class=\"has-text-align-center wp-block-heading\">Proyectos Mayores<\/h3>\n\n\n\n<p>La empresa Andes Green Energy, ligada a inversionistas asi\u00e1ticos, destaca con los dos primeros lugares de la lista de los mayores proyectos con dos iniciativas que combinan producci\u00f3n de electricidad fotovoltaica con concentraci\u00f3n solar de potencia o termosolar. Se trata de dos iniciativas del mismo valor: US$4.000 millones, y que suponen una capacidad instalada total de unos 1.000 MW de potencia.<\/p>\n\n\n\n<p>De acuerdo con los n\u00fameros publicados por el SEA, el sector energ\u00eda explica m\u00e1s de la mitad de la inversi\u00f3n ingresada a tr\u00e1mite en el per\u00edodo, con m\u00e1s de U$30&nbsp;mil millones asociados a m\u00e1s de 200 proyectos.<\/p>\n\n\n\n<p>El segundo sector de alta inversi\u00f3n es miner\u00eda, que inici\u00f3 el tr\u00e1mite ambiental de proyectos que contemplan una inversi\u00f3n superior a los US$9&nbsp;mil millones. Por proyectos, el m\u00e1s grande es Mejoramiento capacidad productiva Collahuasi, de US$3.200 millones, y que la empresa minera Do\u00f1a In\u00e9s de Collahuasi planea desarrollar en la faena de la regi\u00f3n de Tarapac\u00e1.<\/p>\n\n\n\n<p>Otros proyectos mineros est\u00e1n en el top ten de las iniciativas de mayor tama\u00f1o, como es el caso de Los Bronces Integrado, que buscar\u00e1 mantener la capacidad productiva de la faena Los Bronces, de Anglo American; y la actualizaci\u00f3n de Radomiro Tomic (Codelco).<\/p>\n\n\n\n<p>El proyecto de Anglo American considera recursos por US$3&nbsp;mil millones, mientras que el de Codelco suma US$882&nbsp;millones.<\/p>\n\n\n\n<p>Otro proyecto de gran tama\u00f1o que inici\u00f3 su tramitaci\u00f3n ambiental este a\u00f1o fue L\u00ednea 7 del Metro de Santiago, que requerir\u00e1 US$2.528 millones.<\/p>\n","protected":false},"excerpt":{"rendered":"<p>Cifra supone un alza de casi 100% respecto del a\u00f1o anterior, lo que se explica, principalmente, por grandes iniciativas en energ\u00eda en el Norte Grande.&hellip; <\/p>\n","protected":false},"author":2,"featured_media":19416,"comment_status":"open","ping_status":"closed","sticky":false,"template":"","format":"standard","meta":{"footnotes":""},"categories":[34,37],"tags":[],"class_list":["post-19415","post","type-post","status-publish","format-standard","has-post-thumbnail","hentry","category-mineria","category-nacional"],"_links":{"self":[{"href":"https:\/\/www.radioamigavallenar.cl\/index.php?rest_route=\/wp\/v2\/posts\/19415","targetHints":{"allow":["GET"]}}],"collection":[{"href":"https:\/\/www.radioamigavallenar.cl\/index.php?rest_route=\/wp\/v2\/posts"}],"about":[{"href":"https:\/\/www.radioamigavallenar.cl\/index.php?rest_route=\/wp\/v2\/types\/post"}],"author":[{"embeddable":true,"href":"https:\/\/www.radioamigavallenar.cl\/index.php?rest_route=\/wp\/v2\/users\/2"}],"replies":[{"embeddable":true,"href":"https:\/\/www.radioamigavallenar.cl\/index.php?rest_route=%2Fwp%2Fv2%2Fcomments&post=19415"}],"version-history":[{"count":0,"href":"https:\/\/www.radioamigavallenar.cl\/index.php?rest_route=\/wp\/v2\/posts\/19415\/revisions"}],"wp:featuredmedia":[{"embeddable":true,"href":"https:\/\/www.radioamigavallenar.cl\/index.php?rest_route=\/wp\/v2\/media\/19416"}],"wp:attachment":[{"href":"https:\/\/www.radioamigavallenar.cl\/index.php?rest_route=%2Fwp%2Fv2%2Fmedia&parent=19415"}],"wp:term":[{"taxonomy":"category","embeddable":true,"href":"https:\/\/www.radioamigavallenar.cl\/index.php?rest_route=%2Fwp%2Fv2%2Fcategories&post=19415"},{"taxonomy":"post_tag","embeddable":true,"href":"https:\/\/www.radioamigavallenar.cl\/index.php?rest_route=%2Fwp%2Fv2%2Ftags&post=19415"}],"curies":[{"name":"wp","href":"https:\/\/api.w.org\/{rel}","templated":true}]}}