{"id":19412,"date":"2019-12-28T09:18:09","date_gmt":"2019-12-28T12:18:09","guid":{"rendered":"https:\/\/www.radioamigavallenar.cl\/?p=19412"},"modified":"2019-12-28T09:18:10","modified_gmt":"2019-12-28T12:18:10","slug":"corporacion-alta-ley-presenta-actualizacion-de-roadmap-tecnologico-de-la-mineria-2015-2035","status":"publish","type":"post","link":"https:\/\/www.radioamigavallenar.cl\/?p=19412","title":{"rendered":"Corporaci\u00f3n Alta Ley presenta actualizaci\u00f3n de Roadmap Tecnol\u00f3gico de la Miner\u00eda 2015-2035"},"content":{"rendered":"\n<figure class=\"wp-block-image size-large\"><img loading=\"lazy\" decoding=\"async\" width=\"768\" height=\"432\" src=\"https:\/\/www.radioamigavallenar.cl\/wp-content\/uploads\/2019\/12\/Teck_-QB2_1-768x432-1.jpg\" alt=\"\" class=\"wp-image-19413\" srcset=\"https:\/\/www.radioamigavallenar.cl\/wp-content\/uploads\/2019\/12\/Teck_-QB2_1-768x432-1.jpg 768w, https:\/\/www.radioamigavallenar.cl\/wp-content\/uploads\/2019\/12\/Teck_-QB2_1-768x432-1-300x169.jpg 300w\" sizes=\"auto, (max-width: 768px) 100vw, 768px\" \/><\/figure>\n\n\n\n<p>Proceso de revisi\u00f3n y an\u00e1lisis, que incluy\u00f3 varios talleres y mesas t\u00e9cnicas, cont\u00f3 con la participaci\u00f3n de m\u00e1s de 100 personas, de 40 instituciones diferentes.<\/p>\n\n\n\n<p>La\u00a0Corporaci\u00f3n Alta Ley\u00a0dio a conocer la\u00a0actualizaci\u00f3n del Roadmap Tecnol\u00f3gico de la Miner\u00eda 2015-2035, revisi\u00f3n que tuvo por objetivo dar cuenta de los\u00a0principales avances tecnol\u00f3gicos de los \u00faltimos a\u00f1os, hacerse cargo de\u00a0nuevos desaf\u00edos que la misma sociedad demanda producto\u00a0de los fuertes cambios de contexto que enfrenta -especialmente ligados a una econom\u00eda m\u00e1s inclusiva y sustentable-, y abordar\u00a0nuevos desarrollos tecnol\u00f3gicos\u00a0que reflejen la creciente madurez del ecosistema de innovaci\u00f3n.<\/p>\n\n\n\n<p>La entidad indic\u00f3 que a fines de 2017 decidi\u00f3 comenzar un\u00a0trabajo de an\u00e1lisis y repriorizaci\u00f3n de esta Hoja de Ruta, con la finalidad de desarrollar nuevos proyectos colaborativos de alto impacto \u201cque apunten a generar una mayor productividad y sustentabilidad en la industria\u201d.<\/p>\n\n\n\n<p>Dicho proceso de revisi\u00f3n y an\u00e1lisis, que incluy\u00f3 varios talleres y mesas t\u00e9cnicas, cont\u00f3 con la participaci\u00f3n de m\u00e1s de\u00a0100 personas, de\u00a040 instituciones diferentes.<\/p>\n","protected":false},"excerpt":{"rendered":"<p>Proceso de revisi\u00f3n y an\u00e1lisis, que incluy\u00f3 varios talleres y mesas t\u00e9cnicas, cont\u00f3 con la participaci\u00f3n de m\u00e1s de 100 personas, de 40 instituciones diferentes.&hellip; <\/p>\n","protected":false},"author":2,"featured_media":19413,"comment_status":"open","ping_status":"closed","sticky":false,"template":"","format":"standard","meta":{"footnotes":""},"categories":[34,37],"tags":[],"class_list":["post-19412","post","type-post","status-publish","format-standard","has-post-thumbnail","hentry","category-mineria","category-nacional"],"_links":{"self":[{"href":"https:\/\/www.radioamigavallenar.cl\/index.php?rest_route=\/wp\/v2\/posts\/19412","targetHints":{"allow":["GET"]}}],"collection":[{"href":"https:\/\/www.radioamigavallenar.cl\/index.php?rest_route=\/wp\/v2\/posts"}],"about":[{"href":"https:\/\/www.radioamigavallenar.cl\/index.php?rest_route=\/wp\/v2\/types\/post"}],"author":[{"embeddable":true,"href":"https:\/\/www.radioamigavallenar.cl\/index.php?rest_route=\/wp\/v2\/users\/2"}],"replies":[{"embeddable":true,"href":"https:\/\/www.radioamigavallenar.cl\/index.php?rest_route=%2Fwp%2Fv2%2Fcomments&post=19412"}],"version-history":[{"count":0,"href":"https:\/\/www.radioamigavallenar.cl\/index.php?rest_route=\/wp\/v2\/posts\/19412\/revisions"}],"wp:featuredmedia":[{"embeddable":true,"href":"https:\/\/www.radioamigavallenar.cl\/index.php?rest_route=\/wp\/v2\/media\/19413"}],"wp:attachment":[{"href":"https:\/\/www.radioamigavallenar.cl\/index.php?rest_route=%2Fwp%2Fv2%2Fmedia&parent=19412"}],"wp:term":[{"taxonomy":"category","embeddable":true,"href":"https:\/\/www.radioamigavallenar.cl\/index.php?rest_route=%2Fwp%2Fv2%2Fcategories&post=19412"},{"taxonomy":"post_tag","embeddable":true,"href":"https:\/\/www.radioamigavallenar.cl\/index.php?rest_route=%2Fwp%2Fv2%2Ftags&post=19412"}],"curies":[{"name":"wp","href":"https:\/\/api.w.org\/{rel}","templated":true}]}}