{"id":19385,"date":"2019-12-27T00:00:00","date_gmt":"2019-12-27T03:00:00","guid":{"rendered":"https:\/\/www.radioamigavallenar.cl\/?p=19385"},"modified":"2019-12-26T23:30:40","modified_gmt":"2019-12-27T02:30:40","slug":"cochilco-preve-alza-de-inversion-minera-en-chile-de-hasta-57-durante-2020","status":"publish","type":"post","link":"https:\/\/www.radioamigavallenar.cl\/?p=19385","title":{"rendered":"Cochilco prev\u00e9 alza de inversi\u00f3n minera en Chile de hasta 57% durante 2020"},"content":{"rendered":"\n<figure class=\"wp-block-image size-large\"><img loading=\"lazy\" decoding=\"async\" width=\"880\" height=\"660\" src=\"https:\/\/www.radioamigavallenar.cl\/wp-content\/uploads\/2019\/12\/inversion.jpg\" alt=\"\" class=\"wp-image-19386\" srcset=\"https:\/\/www.radioamigavallenar.cl\/wp-content\/uploads\/2019\/12\/inversion.jpg 880w, https:\/\/www.radioamigavallenar.cl\/wp-content\/uploads\/2019\/12\/inversion-300x225.jpg 300w, https:\/\/www.radioamigavallenar.cl\/wp-content\/uploads\/2019\/12\/inversion-768x576.jpg 768w\" sizes=\"auto, (max-width: 880px) 100vw, 880px\" \/><\/figure>\n\n\n\n<p>Desde la estatal advierten de un posible efecto de la crisis del pa\u00eds en la inversi\u00f3n a mediano plazo, principalmente en aquellos proyectos que se encuentran en etapas tempranas de ingenier\u00eda.<\/p>\n\n\n\n<p>Optimistas son los c\u00e1lculos que tiene la Comisi\u00f3n Chilena del Cobre (Cochilco) para 2020, seg\u00fan se revela en el \u00faltimo catastro de inversi\u00f3n emanado desde la entidad dependiente del Ministerio de Miner\u00eda.<\/p>\n\n\n\n<p>En el documento se explica que de la cartera de proyectos que se est\u00e1 prevista de aqu\u00ed a 2028, el pr\u00f3ximo a\u00f1o acumula desembolsos por hasta US$10.375 millones, cifra que es hasta 57% superior a la observada para el ejercicio actual.<\/p>\n\n\n\n<p>De acuerdo a la distribuci\u00f3n de esta inversi\u00f3n, hasta el 85% de los montos que est\u00e1n comprometidos tienen que ver con desarrollos ligados al cobre, mientras que el 15% restante corresponde al grupo \u201cotros minerales\u201d , que contempla la miner\u00eda del oro, hierro, litio y minerales industriales.<\/p>\n","protected":false},"excerpt":{"rendered":"<p>Desde la estatal advierten de un posible efecto de la crisis del pa\u00eds en la inversi\u00f3n a mediano plazo, principalmente en aquellos proyectos que se&hellip; <\/p>\n","protected":false},"author":2,"featured_media":19386,"comment_status":"open","ping_status":"closed","sticky":false,"template":"","format":"standard","meta":{"footnotes":""},"categories":[34,37],"tags":[],"class_list":["post-19385","post","type-post","status-publish","format-standard","has-post-thumbnail","hentry","category-mineria","category-nacional"],"_links":{"self":[{"href":"https:\/\/www.radioamigavallenar.cl\/index.php?rest_route=\/wp\/v2\/posts\/19385","targetHints":{"allow":["GET"]}}],"collection":[{"href":"https:\/\/www.radioamigavallenar.cl\/index.php?rest_route=\/wp\/v2\/posts"}],"about":[{"href":"https:\/\/www.radioamigavallenar.cl\/index.php?rest_route=\/wp\/v2\/types\/post"}],"author":[{"embeddable":true,"href":"https:\/\/www.radioamigavallenar.cl\/index.php?rest_route=\/wp\/v2\/users\/2"}],"replies":[{"embeddable":true,"href":"https:\/\/www.radioamigavallenar.cl\/index.php?rest_route=%2Fwp%2Fv2%2Fcomments&post=19385"}],"version-history":[{"count":0,"href":"https:\/\/www.radioamigavallenar.cl\/index.php?rest_route=\/wp\/v2\/posts\/19385\/revisions"}],"wp:featuredmedia":[{"embeddable":true,"href":"https:\/\/www.radioamigavallenar.cl\/index.php?rest_route=\/wp\/v2\/media\/19386"}],"wp:attachment":[{"href":"https:\/\/www.radioamigavallenar.cl\/index.php?rest_route=%2Fwp%2Fv2%2Fmedia&parent=19385"}],"wp:term":[{"taxonomy":"category","embeddable":true,"href":"https:\/\/www.radioamigavallenar.cl\/index.php?rest_route=%2Fwp%2Fv2%2Fcategories&post=19385"},{"taxonomy":"post_tag","embeddable":true,"href":"https:\/\/www.radioamigavallenar.cl\/index.php?rest_route=%2Fwp%2Fv2%2Ftags&post=19385"}],"curies":[{"name":"wp","href":"https:\/\/api.w.org\/{rel}","templated":true}]}}